{"id":52723,"date":"2026-05-02T11:24:35","date_gmt":"2026-05-02T17:24:35","guid":{"rendered":"https:\/\/informadorweb.com\/?p=52723"},"modified":"2026-05-02T17:24:36","modified_gmt":"2026-05-02T17:24:36","slug":"vice-primer-ministro-chino-se-reune-con-su-homologo-belga-para-profundizar-cooperacion","status":"publish","type":"post","link":"https:\/\/informadorweb.com\/?p=52723","title":{"rendered":"Vice primer ministro chino se re\u00fane con su hom\u00f3logo belga para profundizar cooperaci\u00f3n"},"content":{"rendered":"<p>BEIJING, 1 may (Xinhua) &#8212; El vice primer ministro de China, He Lifeng, inst\u00f3 a que China y B\u00e9lgica mantengan la tradici\u00f3n de cooperaci\u00f3n mutuamente beneficiosa y de ganancias compartidas, y promuevan el desarrollo sano de las relaciones bilaterales y los nexos China-UE. He, tambi\u00e9n miembro del Bur\u00f3 Pol\u00edtico del Comit\u00e9 Central del Partido Comunista de China, hizo estas declaraciones durante su reuni\u00f3n el jueves con el vice primer ministro y ministro de Relaciones Exteriores de B\u00e9lgica, Maxime Prevot, en el Gran Palacio del Pueblo en Beijing. China y B\u00e9lgica han establecido una estrecha relaci\u00f3n de cooperaci\u00f3n caracterizada por beneficios mutuos y ganancias compartidas desde el establecimiento de relaciones diplom\u00e1ticas bilaterales hace 55 a\u00f1os, se\u00f1al\u00f3 He. En ese sentido, a\u00f1adi\u00f3 que ambas partes han llevado a cabo una cooperaci\u00f3n fruct\u00edfera y pr\u00e1ctica en \u00e1reas como la medicina, la industria qu\u00edmica, las finanzas y la log\u00edstica, lo que ha impulsado el avance de las relaciones bilaterales. Como defensores del multilateralismo y partidarios de una econom\u00eda mundial abierta, dijo He, China y B\u00e9lgica deben continuar la tradici\u00f3n de cooperaci\u00f3n mutuamente beneficiosa y de ganancias compartidas, con el fin de fomentar el desarrollo sano de las relaciones bilaterales y los nexos China-UE. Por su parte, Prevot afirm\u00f3 que B\u00e9lgica y China son socios de cooperaci\u00f3n amistosa en todos los frentes y destac\u00f3 que su pa\u00eds est\u00e1 dispuesto a aprovechar el 55\u00ba aniversario del establecimiento de relaciones diplom\u00e1ticas entre ambos pa\u00edses como una oportunidad para promover el desarrollo de las relaciones bilaterales, fortalecer la cooperaci\u00f3n en diversos \u00e1mbitos como la econom\u00eda y el comercio, y defender conjuntamente el multilateralismo y el libre comercio. Fin<\/p>\n","protected":false},"excerpt":{"rendered":"<p>BEIJING, 1 may (Xinhua) &#8212; El vice primer ministro de China, He Lifeng, inst\u00f3 a&#8230;<\/p>\n","protected":false},"author":1,"featured_media":0,"comment_status":"closed","ping_status":"closed","sticky":false,"template":"","format":"standard","meta":{"footnotes":""},"categories":[2],"tags":[],"class_list":["post-52723","post","type-post","status-publish","format-standard","hentry","category-internacional"],"_links":{"self":[{"href":"https:\/\/informadorweb.com\/index.php?rest_route=\/wp\/v2\/posts\/52723","targetHints":{"allow":["GET"]}}],"collection":[{"href":"https:\/\/informadorweb.com\/index.php?rest_route=\/wp\/v2\/posts"}],"about":[{"href":"https:\/\/informadorweb.com\/index.php?rest_route=\/wp\/v2\/types\/post"}],"author":[{"embeddable":true,"href":"https:\/\/informadorweb.com\/index.php?rest_route=\/wp\/v2\/users\/1"}],"replies":[{"embeddable":true,"href":"https:\/\/informadorweb.com\/index.php?rest_route=%2Fwp%2Fv2%2Fcomments&post=52723"}],"version-history":[{"count":1,"href":"https:\/\/informadorweb.com\/index.php?rest_route=\/wp\/v2\/posts\/52723\/revisions"}],"predecessor-version":[{"id":52724,"href":"https:\/\/informadorweb.com\/index.php?rest_route=\/wp\/v2\/posts\/52723\/revisions\/52724"}],"wp:attachment":[{"href":"https:\/\/informadorweb.com\/index.php?rest_route=%2Fwp%2Fv2%2Fmedia&parent=52723"}],"wp:term":[{"taxonomy":"category","embeddable":true,"href":"https:\/\/informadorweb.com\/index.php?rest_route=%2Fwp%2Fv2%2Fcategories&post=52723"},{"taxonomy":"post_tag","embeddable":true,"href":"https:\/\/informadorweb.com\/index.php?rest_route=%2Fwp%2Fv2%2Ftags&post=52723"}],"curies":[{"name":"wp","href":"https:\/\/api.w.org\/{rel}","templated":true}]}}