{"id":52721,"date":"2026-05-02T11:24:18","date_gmt":"2026-05-02T17:24:18","guid":{"rendered":"https:\/\/informadorweb.com\/?p=52721"},"modified":"2026-05-02T17:24:19","modified_gmt":"2026-05-02T17:24:19","slug":"lider-supremo-de-iran-esta-en-buen-estado-de-salud-segun-fuente-oficial","status":"publish","type":"post","link":"https:\/\/informadorweb.com\/?p=52721","title":{"rendered":"L\u00edder supremo de Ir\u00e1n est\u00e1 en \u00abbuen estado de salud\u00bb, seg\u00fan fuente oficial"},"content":{"rendered":"<p>TEHER\u00c1N, 1 may (Xinhua) &#8212; Mojtaba Jamenei est\u00e1 en \u00abbuen estado de salud\u00bb y desempe\u00f1a sus funciones como l\u00edder supremo de Ir\u00e1n, declar\u00f3 hoy viernes un alto funcionario, con lo que desmiente los informes sobre el estado del dirigente. Mohsen Qomi, subdirector de Asuntos Internacionales de la Oficina del L\u00edder Supremo, afirm\u00f3 que Jamenei participa de manera activa en la toma de decisiones y la gesti\u00f3n de los asuntos de Estado, seg\u00fan la agencia de noticias semioficial Tasnim. Qomi calific\u00f3 los informes sobre la salud de Jamenei como \u00abrumores difundidos por fuerzas hostiles\u00bb, cuyo objetivo es generar incertidumbre, provocar reacciones y promover sus agendas. Jamenei se convirti\u00f3 en l\u00edder supremo de Ir\u00e1n a principios de marzo tras ser elegido por la Asamblea de Expertos y sucedi\u00f3 a su padre, Ali Jamenei, quien muri\u00f3 en un ataque a\u00e9reo estadounidense-israel\u00ed en Teher\u00e1n el 28 de febrero. El mes pasado, funcionarios iran\u00edes reconocieron que Mojtaba Jamenei hab\u00eda resultado herido en un ataque a\u00e9reo, pero que segu\u00eda siendo capaz de dirigir el pa\u00eds. Desde que asumi\u00f3 el cargo, ha emitido varias declaraciones, pero a\u00fan no ha hecho ninguna aparici\u00f3n p\u00fablica. Fin<\/p>\n","protected":false},"excerpt":{"rendered":"<p>TEHER\u00c1N, 1 may (Xinhua) &#8212; Mojtaba Jamenei est\u00e1 en \u00abbuen estado de salud\u00bb y desempe\u00f1a&#8230;<\/p>\n","protected":false},"author":1,"featured_media":0,"comment_status":"closed","ping_status":"closed","sticky":false,"template":"","format":"standard","meta":{"footnotes":""},"categories":[2],"tags":[],"class_list":["post-52721","post","type-post","status-publish","format-standard","hentry","category-internacional"],"_links":{"self":[{"href":"https:\/\/informadorweb.com\/index.php?rest_route=\/wp\/v2\/posts\/52721","targetHints":{"allow":["GET"]}}],"collection":[{"href":"https:\/\/informadorweb.com\/index.php?rest_route=\/wp\/v2\/posts"}],"about":[{"href":"https:\/\/informadorweb.com\/index.php?rest_route=\/wp\/v2\/types\/post"}],"author":[{"embeddable":true,"href":"https:\/\/informadorweb.com\/index.php?rest_route=\/wp\/v2\/users\/1"}],"replies":[{"embeddable":true,"href":"https:\/\/informadorweb.com\/index.php?rest_route=%2Fwp%2Fv2%2Fcomments&post=52721"}],"version-history":[{"count":1,"href":"https:\/\/informadorweb.com\/index.php?rest_route=\/wp\/v2\/posts\/52721\/revisions"}],"predecessor-version":[{"id":52722,"href":"https:\/\/informadorweb.com\/index.php?rest_route=\/wp\/v2\/posts\/52721\/revisions\/52722"}],"wp:attachment":[{"href":"https:\/\/informadorweb.com\/index.php?rest_route=%2Fwp%2Fv2%2Fmedia&parent=52721"}],"wp:term":[{"taxonomy":"category","embeddable":true,"href":"https:\/\/informadorweb.com\/index.php?rest_route=%2Fwp%2Fv2%2Fcategories&post=52721"},{"taxonomy":"post_tag","embeddable":true,"href":"https:\/\/informadorweb.com\/index.php?rest_route=%2Fwp%2Fv2%2Ftags&post=52721"}],"curies":[{"name":"wp","href":"https:\/\/api.w.org\/{rel}","templated":true}]}}