{"id":52347,"date":"2026-04-30T23:28:28","date_gmt":"2026-05-01T05:28:28","guid":{"rendered":"https:\/\/informadorweb.com\/?p=52347"},"modified":"2026-05-01T05:28:29","modified_gmt":"2026-05-01T05:28:29","slug":"futbol-infantino-confirma-participacion-de-iran-en-mundial-de-2026-durante-congreso-fifa","status":"publish","type":"post","link":"https:\/\/informadorweb.com\/?p=52347","title":{"rendered":"F\u00fatbol: Infantino confirma participaci\u00f3n de Ir\u00e1n en Mundial de 2026 durante congreso FIFA"},"content":{"rendered":"<p>VANCOUVER, 30 abr (Xinhua) &#8212; El presidente de la FIFA, Gianni Infantino, reafirm\u00f3 este jueves que Ir\u00e1n participar\u00e1 en la Copa Mundial de la FIFA 2026 y disputar\u00e1 sus partidos en Estados Unidos, seg\u00fan el calendario original. Infantino hizo estas declaraciones durante el 76\u00ba Congreso de la FIFA, celebrado en el Centro de Convenciones de Vancouver, al que asistieron directivos del f\u00fatbol de todo el mundo para debatir la organizaci\u00f3n del torneo, las modificaciones de reglas y los preparativos para el evento que se celebrar\u00e1 pr\u00f3ximamente. Ante los rumores sobre la participaci\u00f3n de Ir\u00e1n, en medio de las recientes tensiones regionales, Infantino afirm\u00f3: \u00abPerm\u00edtanme confirmar de inmediato que, por supuesto, Ir\u00e1n participar\u00e1 en la Copa Mundial de la FIFA 2026. Y por supuesto, Ir\u00e1n jugar\u00e1 en Estados Unidos de Am\u00e9rica\u00bb. Esta confirmaci\u00f3n llega despu\u00e9s de que autoridades iran\u00edes hubieran propuesto previamente trasladar sus partidos de la fase de grupos, de Estados Unidos a M\u00e9xico, una iniciativa rechazada por la FIFA. Funcionarios del Gobierno estadounidense han manifestado recientemente una postura de bienvenida hacia la selecci\u00f3n iran\u00ed. El congreso se desarrolla mientras Vancouver se prepara para ser una de las ciudades anfitrionas de la primera Copa Mundial con 48 selecciones, organizada conjuntamente por Estados Unidos, Canad\u00e1 y M\u00e9xico del 11 de junio al 19 de julio. Fin<\/p>\n","protected":false},"excerpt":{"rendered":"<p>VANCOUVER, 30 abr (Xinhua) &#8212; El presidente de la FIFA, Gianni Infantino, reafirm\u00f3 este jueves&#8230;<\/p>\n","protected":false},"author":1,"featured_media":0,"comment_status":"closed","ping_status":"closed","sticky":false,"template":"","format":"standard","meta":{"footnotes":""},"categories":[2],"tags":[],"class_list":["post-52347","post","type-post","status-publish","format-standard","hentry","category-internacional"],"_links":{"self":[{"href":"https:\/\/informadorweb.com\/index.php?rest_route=\/wp\/v2\/posts\/52347","targetHints":{"allow":["GET"]}}],"collection":[{"href":"https:\/\/informadorweb.com\/index.php?rest_route=\/wp\/v2\/posts"}],"about":[{"href":"https:\/\/informadorweb.com\/index.php?rest_route=\/wp\/v2\/types\/post"}],"author":[{"embeddable":true,"href":"https:\/\/informadorweb.com\/index.php?rest_route=\/wp\/v2\/users\/1"}],"replies":[{"embeddable":true,"href":"https:\/\/informadorweb.com\/index.php?rest_route=%2Fwp%2Fv2%2Fcomments&post=52347"}],"version-history":[{"count":1,"href":"https:\/\/informadorweb.com\/index.php?rest_route=\/wp\/v2\/posts\/52347\/revisions"}],"predecessor-version":[{"id":52348,"href":"https:\/\/informadorweb.com\/index.php?rest_route=\/wp\/v2\/posts\/52347\/revisions\/52348"}],"wp:attachment":[{"href":"https:\/\/informadorweb.com\/index.php?rest_route=%2Fwp%2Fv2%2Fmedia&parent=52347"}],"wp:term":[{"taxonomy":"category","embeddable":true,"href":"https:\/\/informadorweb.com\/index.php?rest_route=%2Fwp%2Fv2%2Fcategories&post=52347"},{"taxonomy":"post_tag","embeddable":true,"href":"https:\/\/informadorweb.com\/index.php?rest_route=%2Fwp%2Fv2%2Ftags&post=52347"}],"curies":[{"name":"wp","href":"https:\/\/api.w.org\/{rel}","templated":true}]}}