{"id":52343,"date":"2026-04-30T23:27:58","date_gmt":"2026-05-01T05:27:58","guid":{"rendered":"https:\/\/informadorweb.com\/?p=52343"},"modified":"2026-05-01T05:28:00","modified_gmt":"2026-05-01T05:28:00","slug":"brasil-impulsa-proyecto-para-recuperar-areas-degradadas-de-la-amazonia-con-apoyo-a-agricultores-familiares","status":"publish","type":"post","link":"https:\/\/informadorweb.com\/?p=52343","title":{"rendered":"Brasil impulsa proyecto para recuperar \u00e1reas degradadas de la Amazon\u00eda con apoyo a agricultores familiares"},"content":{"rendered":"<p>R\u00cdO DE JANEIRO, 30 abr (Xinhua) &#8212; El Gobierno de Brasil anunci\u00f3 este jueves un proyecto para recuperar \u00e1reas degradadas en la Amazon\u00eda, con foco en la restauraci\u00f3n ambiental y la generaci\u00f3n de ingresos para agricultores familiares, informaron fuentes oficiales. La iniciativa est\u00e1 siendo coordinada por el Ministerio de Medio Ambiente y Cambio Clim\u00e1tico de Brasil y ser\u00e1 implementada por la Agencia Nacional de Asistencia T\u00e9cnica y Extensi\u00f3n Rural (Anater), en el marco del programa federal Uni\u00f3n con los Municipios. El proyecto prev\u00e9 acciones en 3.000 inmuebles rurales ocupados por agricultores familiares, ubicados en tierras p\u00fablicas federales no destinadas o en asentamientos, con el objetivo de recuperar la vegetaci\u00f3n nativa y promover el uso sostenible del suelo. Las acciones abarcar\u00e1n los 48 municipios amaz\u00f3nicos que se adhirieron al programa en 2024. La inversi\u00f3n total asciende a 56 millones de reales (unos 11 millones de d\u00f3lares), financiados a trav\u00e9s del programa \u00abFloresta+ Amazon\u00eda\u00bb, desarrollado en asociaci\u00f3n con el Programa de las Naciones Unidas para el Desarrollo y recursos del Fondo Verde del Clima. De acuerdo con el Gobierno brasile\u00f1o, el proyecto busca contribuir al equilibrio clim\u00e1tico y la conservaci\u00f3n de la biodiversidad, al tiempo que fortalece la econom\u00eda local mediante la generaci\u00f3n de ingresos para las familias beneficiadas. El director del Departamento de Ordenamiento Ambiental y Territorial del ministerio, Marcelo Trevisan, destac\u00f3 la importancia de coordinar esfuerzos para garantizar que los beneficios lleguen efectivamente a las comunidades amaz\u00f3nicas. Por su parte, el gerente de programas para la Amazon\u00eda de Anater, M\u00e1rcio Hirata, se\u00f1al\u00f3 que la iniciativa permitir\u00e1 apoyar a los productores rurales en la implementaci\u00f3n de modelos de recuperaci\u00f3n de la vegetaci\u00f3n, con impacto tanto ambiental como socioecon\u00f3mico. Durante las discusiones t\u00e9cnicas, se abordaron tambi\u00e9n estrategias para ampliar la participaci\u00f3n de gobiernos locales, entidades de asistencia t\u00e9cnica y agricultores, con el fin de superar obst\u00e1culos frecuentes en proyectos de restauraci\u00f3n, como el bajo nivel de adhesi\u00f3n y la falta de mantenimiento de las \u00e1reas recuperadas. Seg\u00fan autoridades del ministerio, el proyecto contempla mecanismos de remuneraci\u00f3n de la mano de obra y monitoreo continuo, con el objetivo de asegurar resultados sostenibles tanto para los productores como para el medio ambiente. El programa Uni\u00f3n con los Municipios forma parte de la estrategia del Gobierno brasile\u00f1o para reducir la deforestaci\u00f3n, los incendios forestales y la degradaci\u00f3n ambiental en un total de 70 municipios prioritarios de la Amazon\u00eda, en l\u00ednea con la meta oficial de eliminar la deforestaci\u00f3n para 2030. Fin<\/p>\n","protected":false},"excerpt":{"rendered":"<p>R\u00cdO DE JANEIRO, 30 abr (Xinhua) &#8212; El Gobierno de Brasil anunci\u00f3 este jueves un&#8230;<\/p>\n","protected":false},"author":1,"featured_media":0,"comment_status":"closed","ping_status":"closed","sticky":false,"template":"","format":"standard","meta":{"footnotes":""},"categories":[2],"tags":[],"class_list":["post-52343","post","type-post","status-publish","format-standard","hentry","category-internacional"],"_links":{"self":[{"href":"https:\/\/informadorweb.com\/index.php?rest_route=\/wp\/v2\/posts\/52343","targetHints":{"allow":["GET"]}}],"collection":[{"href":"https:\/\/informadorweb.com\/index.php?rest_route=\/wp\/v2\/posts"}],"about":[{"href":"https:\/\/informadorweb.com\/index.php?rest_route=\/wp\/v2\/types\/post"}],"author":[{"embeddable":true,"href":"https:\/\/informadorweb.com\/index.php?rest_route=\/wp\/v2\/users\/1"}],"replies":[{"embeddable":true,"href":"https:\/\/informadorweb.com\/index.php?rest_route=%2Fwp%2Fv2%2Fcomments&post=52343"}],"version-history":[{"count":1,"href":"https:\/\/informadorweb.com\/index.php?rest_route=\/wp\/v2\/posts\/52343\/revisions"}],"predecessor-version":[{"id":52344,"href":"https:\/\/informadorweb.com\/index.php?rest_route=\/wp\/v2\/posts\/52343\/revisions\/52344"}],"wp:attachment":[{"href":"https:\/\/informadorweb.com\/index.php?rest_route=%2Fwp%2Fv2%2Fmedia&parent=52343"}],"wp:term":[{"taxonomy":"category","embeddable":true,"href":"https:\/\/informadorweb.com\/index.php?rest_route=%2Fwp%2Fv2%2Fcategories&post=52343"},{"taxonomy":"post_tag","embeddable":true,"href":"https:\/\/informadorweb.com\/index.php?rest_route=%2Fwp%2Fv2%2Ftags&post=52343"}],"curies":[{"name":"wp","href":"https:\/\/api.w.org\/{rel}","templated":true}]}}