{"id":52335,"date":"2026-04-30T23:26:53","date_gmt":"2026-05-01T05:26:53","guid":{"rendered":"https:\/\/informadorweb.com\/?p=52335"},"modified":"2026-05-01T05:26:54","modified_gmt":"2026-05-01T05:26:54","slug":"tasa-de-ocupacion-en-paraguay-aumenta-17-en-el-primer-trimestre-de-2026","status":"publish","type":"post","link":"https:\/\/informadorweb.com\/?p=52335","title":{"rendered":"Tasa de ocupaci\u00f3n en Paraguay aumenta 1,7% en el primer trimestre de 2026"},"content":{"rendered":"<p>ASUNCI\u00d3N, 30 abr (Xinhua) &#8212; El presidente de Paraguay, Santiago Pe\u00f1a, destac\u00f3 este jueves que la tasa de ocupaci\u00f3n en su pa\u00eds aument\u00f3 un 1,7 por ciento al cierre del primer trimestre de 2026, en comparaci\u00f3n con el mismo periodo del a\u00f1o anterior. Esto significa que, aproximadamente 117.234 personas pasaron a integrar el segmento de quienes cuentan con una ocupaci\u00f3n laboral formal, manifest\u00f3 el mandatario durante una reuni\u00f3n con los ministros del Poder Ejecutivo en el Palacio de Gobierno. Resalt\u00f3 que el aumento se dio principalmente por el incremento de la mano de obra en el sector secundario, al que se incorporaron cerca de 76.272 personas, especialmente en las industrias manufactureras. \u00abDesde el inicio de la actual administraci\u00f3n de gobierno se han generado 120.000 empleos con prestaciones de seguridad social, lo que nos permite aspirar a empleos de mejor calidad no solamente para el presente, sino tambi\u00e9n para una seguridad social a futuro\u00bb, concluy\u00f3. Por otra parte, seg\u00fan los datos de la Encuesta Permanente de Hogares difundidos este jueves por el Instituto Nacional de Estad\u00edsticas (INE), la tasa de desocupaci\u00f3n cerr\u00f3 en un nivel del 5,3 por ciento, lo que representa una leve reducci\u00f3n en relaci\u00f3n al mismo periodo de 2025 (5,5 por ciento). Fin<\/p>\n","protected":false},"excerpt":{"rendered":"<p>ASUNCI\u00d3N, 30 abr (Xinhua) &#8212; El presidente de Paraguay, Santiago Pe\u00f1a, destac\u00f3 este jueves que&#8230;<\/p>\n","protected":false},"author":1,"featured_media":0,"comment_status":"closed","ping_status":"closed","sticky":false,"template":"","format":"standard","meta":{"footnotes":""},"categories":[2],"tags":[],"class_list":["post-52335","post","type-post","status-publish","format-standard","hentry","category-internacional"],"_links":{"self":[{"href":"https:\/\/informadorweb.com\/index.php?rest_route=\/wp\/v2\/posts\/52335","targetHints":{"allow":["GET"]}}],"collection":[{"href":"https:\/\/informadorweb.com\/index.php?rest_route=\/wp\/v2\/posts"}],"about":[{"href":"https:\/\/informadorweb.com\/index.php?rest_route=\/wp\/v2\/types\/post"}],"author":[{"embeddable":true,"href":"https:\/\/informadorweb.com\/index.php?rest_route=\/wp\/v2\/users\/1"}],"replies":[{"embeddable":true,"href":"https:\/\/informadorweb.com\/index.php?rest_route=%2Fwp%2Fv2%2Fcomments&post=52335"}],"version-history":[{"count":1,"href":"https:\/\/informadorweb.com\/index.php?rest_route=\/wp\/v2\/posts\/52335\/revisions"}],"predecessor-version":[{"id":52336,"href":"https:\/\/informadorweb.com\/index.php?rest_route=\/wp\/v2\/posts\/52335\/revisions\/52336"}],"wp:attachment":[{"href":"https:\/\/informadorweb.com\/index.php?rest_route=%2Fwp%2Fv2%2Fmedia&parent=52335"}],"wp:term":[{"taxonomy":"category","embeddable":true,"href":"https:\/\/informadorweb.com\/index.php?rest_route=%2Fwp%2Fv2%2Fcategories&post=52335"},{"taxonomy":"post_tag","embeddable":true,"href":"https:\/\/informadorweb.com\/index.php?rest_route=%2Fwp%2Fv2%2Ftags&post=52335"}],"curies":[{"name":"wp","href":"https:\/\/api.w.org\/{rel}","templated":true}]}}