{"id":52323,"date":"2026-04-30T23:23:26","date_gmt":"2026-05-01T05:23:26","guid":{"rendered":"https:\/\/informadorweb.com\/?p=52323"},"modified":"2026-05-01T05:23:27","modified_gmt":"2026-05-01T05:23:27","slug":"colombia-refuerza-estrategia-para-participar-en-la-alianza-del-pacifico","status":"publish","type":"post","link":"https:\/\/informadorweb.com\/?p=52323","title":{"rendered":"Colombia refuerza estrategia para participar en la Alianza del Pac\u00edfico"},"content":{"rendered":"<p>BOGOT\u00c1, 30 abr (Xinhua) &#8212; Colombia anunci\u00f3 un refuerzo en su estrategia para participar en el bloque Alianza del Pac\u00edfico, en el marco de la Asamblea General y Simposio del Comit\u00e9 Colombiano de Cooperaci\u00f3n Econ\u00f3mica en el Asia Pac\u00edfico (COLPECC 2026) que se adelant\u00f3 este jueves en Bogot\u00e1. En el encuentro liderado por la canciller colombiana, Yolanda Villavicencio, los viceministros destacaron las iniciativas que buscan el mayor aprovechamiento de esta plataforma en medio de una coyuntura mundial. \u00abDesde el Ministerio entendemos este espacio como un instrumento de pol\u00edtica comercial y productiva orientado a tres objetivos fundamentales: la diversificaci\u00f3n de mercados, la sofisticaci\u00f3n de la oferta exportable y la atracci\u00f3n de inversi\u00f3n con transferencia tecnol\u00f3gica\u00bb, explic\u00f3 Sof\u00eda Ca\u00f1\u00f3n, viceministra de Comercio Exterior. Por su parte, Giovanny L\u00f3pez, viceministro de Transformaci\u00f3n Digital del Ministerio TIC, asegur\u00f3 que en esa cartera trabajan en la Misi\u00f3n de Transformaci\u00f3n Digital 2035, enfocada en consolidar las pol\u00edticas p\u00fablicas como la de Inteligencia Artificial (IA). \u00abAdem\u00e1s, estamos finalizando la pol\u00edtica p\u00fablica de educaci\u00f3n digital y actualizando la pol\u00edtica de gobierno digital, con el prop\u00f3sito de dejar estas apuestas estrat\u00e9gicas consolidadas y avanzar hacia una alianza global para impulsar la transformaci\u00f3n digital en Colombia\u00bb, afirm\u00f3. De otro lado, la viceministra de Asuntos Agropecuarios del Ministerio de Agricultura y Desarrollo Rural, Geidy Ortega, record\u00f3 las oportunidades que se abren para Colombia al hacer parte de este bloque integrado por Chile, Colombia, M\u00e9xico y Per\u00fa. \u00abAsia-Pac\u00edfico representa una oportunidad concreta para ampliar nuestra presencia internacional, fortalecer la cooperaci\u00f3n econ\u00f3mica, cient\u00edfica y tecnol\u00f3gica, y posicionar una oferta pa\u00eds basada en innovaci\u00f3n, sostenibilidad, conocimiento y valor agregado\u00bb, subray\u00f3. La canciller colombiana, entre tanto, destac\u00f3 la activaci\u00f3n de un esquema colaborativo y funcional entre el gobierno, los empresarios y la academia para actuar con coherencia y tener mayor incidencia en la iniciativa de integraci\u00f3n regional. \u00abCOLPECC tiene el mandato de coordinar estos esfuerzos\u00bb, asegur\u00f3 la funcionaria destacando que esta construcci\u00f3n colectiva tiene como actores estrat\u00e9gicos no solo a funcionarios sino a acad\u00e9micos, investigadores, empresarios, campesinos, exportadores, sindicatos, comerciantes y medios de comunicaci\u00f3n del pa\u00eds. Fin<\/p>\n","protected":false},"excerpt":{"rendered":"<p>BOGOT\u00c1, 30 abr (Xinhua) &#8212; Colombia anunci\u00f3 un refuerzo en su estrategia para participar en&#8230;<\/p>\n","protected":false},"author":1,"featured_media":0,"comment_status":"closed","ping_status":"closed","sticky":false,"template":"","format":"standard","meta":{"footnotes":""},"categories":[2],"tags":[],"class_list":["post-52323","post","type-post","status-publish","format-standard","hentry","category-internacional"],"_links":{"self":[{"href":"https:\/\/informadorweb.com\/index.php?rest_route=\/wp\/v2\/posts\/52323","targetHints":{"allow":["GET"]}}],"collection":[{"href":"https:\/\/informadorweb.com\/index.php?rest_route=\/wp\/v2\/posts"}],"about":[{"href":"https:\/\/informadorweb.com\/index.php?rest_route=\/wp\/v2\/types\/post"}],"author":[{"embeddable":true,"href":"https:\/\/informadorweb.com\/index.php?rest_route=\/wp\/v2\/users\/1"}],"replies":[{"embeddable":true,"href":"https:\/\/informadorweb.com\/index.php?rest_route=%2Fwp%2Fv2%2Fcomments&post=52323"}],"version-history":[{"count":1,"href":"https:\/\/informadorweb.com\/index.php?rest_route=\/wp\/v2\/posts\/52323\/revisions"}],"predecessor-version":[{"id":52324,"href":"https:\/\/informadorweb.com\/index.php?rest_route=\/wp\/v2\/posts\/52323\/revisions\/52324"}],"wp:attachment":[{"href":"https:\/\/informadorweb.com\/index.php?rest_route=%2Fwp%2Fv2%2Fmedia&parent=52323"}],"wp:term":[{"taxonomy":"category","embeddable":true,"href":"https:\/\/informadorweb.com\/index.php?rest_route=%2Fwp%2Fv2%2Fcategories&post=52323"},{"taxonomy":"post_tag","embeddable":true,"href":"https:\/\/informadorweb.com\/index.php?rest_route=%2Fwp%2Fv2%2Ftags&post=52323"}],"curies":[{"name":"wp","href":"https:\/\/api.w.org\/{rel}","templated":true}]}}