{"id":52311,"date":"2026-04-30T23:21:25","date_gmt":"2026-05-01T05:21:25","guid":{"rendered":"https:\/\/informadorweb.com\/?p=52311"},"modified":"2026-05-01T05:21:25","modified_gmt":"2026-05-01T05:21:25","slug":"especial-venezolanos-se-volcaron-a-las-calles-en-cierre-de-la-gran-peregrinacion-nacional-por-cese-de-sanciones","status":"publish","type":"post","link":"https:\/\/informadorweb.com\/?p=52311","title":{"rendered":"Especial: Venezolanos se volcaron a las calles en cierre de la Gran Peregrinaci\u00f3n Nacional por cese de sanciones"},"content":{"rendered":"<div class=\"el-scrollbar__wrap\">\n<div class=\"el-scrollbar__view\">\n<div class=\"news-content\" data-v-e79c3ee4=\"\">CARACAS, 30 abr (Xinhua) &#8212; Miles de venezolanos marcharon este jueves por la principal autopista de Caracas en la \u00faltima fase de la Gran Peregrinaci\u00f3n Nacional por el cese de las sanciones estadounidenses y por la paz, una iniciativa promovida por la presidenta encargada Delcy Rodr\u00edguez. La movilizaci\u00f3n culmin\u00f3 con discursos de Rodr\u00edguez y de diversos dirigentes del Gobierno venezolano, adem\u00e1s tuvo como particularidad la participaci\u00f3n de dirigentes de oposici\u00f3n que apoyaron la unidad nacional ante las sanciones. Los manifestantes provenientes tanto de la capital venezolana como de las diversas regiones del pa\u00eds entonaron consignas y ratificaron su compromiso de participar, unidos, en la lucha por derrotar las sanciones. Daisy Sequea vino a Caracas desde la ciudad de Puerto Ordaz, en el sureste de Venezuela, y enfatiz\u00f3 en entrevista con Xinhua que formaba parte de las \u00abmujeres emprendedoras y aguerridas, que estamos luchando en esta peregrinaci\u00f3n\u00bb \u00abNo queremos m\u00e1s sanciones, queremos que nos respeten\u00bb, se\u00f1al\u00f3 Sequea quien adem\u00e1s resalt\u00f3 el esfuerzo de venir desde una regi\u00f3n tan lejana a Caracas para manifestar su apoyo a la gran peregrinaci\u00f3n. \u00abTenemos que levantar nuestras sanciones para que Venezuela siga produciendo, nosotros necesitamos como trabajadores que nos entren nuestros recursos, que nos los tienen secuestrados\u00bb, agreg\u00f3 Sequea. Gerardo Moreno es un trabajador proveniente del estado Bol\u00edvar, en el sureste del pa\u00eds. Para \u00e9l, la peregrinaci\u00f3n es una demostraci\u00f3n al mundo de \u00abque nosotros queremos paz y una Venezuela que se est\u00e1 transformando, una Venezuela que sigue adelante\u00bb. Moreno resalt\u00f3 la importancia de la unidad nacional y de la participaci\u00f3n de la \u00aboposici\u00f3n democr\u00e1tica\u00bb en la lucha contra las medidas coercitivas unilaterales, porque \u00ablas sanciones afectan a todos los venezolanos\u00bb. Giancarlo Carrillo es uno de los caraque\u00f1os que se sum\u00f3 a la movilizaci\u00f3n de hoy, con el prop\u00f3sito de que se levanten \u00abtodas las sanciones que nos han mantenido bloqueados durante a\u00f1os\u00bb. \u00abHoy los venezolanos, sin distinci\u00f3n de partidos pol\u00edticos, salimos a las calles a exigir el cese total de las sanciones y el bloqueo econ\u00f3mico que tenemos\u00bb, precis\u00f3 Carrillo. Seg\u00fan el gubernamental Observatorio Venezolano Antibloqueo, contra Venezuela se han aplicado m\u00e1s de 1.000 sanciones, la gran mayor\u00eda impuestas por Estados Unidos. Fin<\/div>\n<\/div>\n<\/div>\n<div class=\"el-scrollbar__bar is-horizontal\"><\/div>\n","protected":false},"excerpt":{"rendered":"<p>CARACAS, 30 abr (Xinhua) &#8212; Miles de venezolanos marcharon este jueves por la principal autopista&#8230;<\/p>\n","protected":false},"author":1,"featured_media":0,"comment_status":"closed","ping_status":"closed","sticky":false,"template":"","format":"standard","meta":{"footnotes":""},"categories":[2],"tags":[],"class_list":["post-52311","post","type-post","status-publish","format-standard","hentry","category-internacional"],"_links":{"self":[{"href":"https:\/\/informadorweb.com\/index.php?rest_route=\/wp\/v2\/posts\/52311","targetHints":{"allow":["GET"]}}],"collection":[{"href":"https:\/\/informadorweb.com\/index.php?rest_route=\/wp\/v2\/posts"}],"about":[{"href":"https:\/\/informadorweb.com\/index.php?rest_route=\/wp\/v2\/types\/post"}],"author":[{"embeddable":true,"href":"https:\/\/informadorweb.com\/index.php?rest_route=\/wp\/v2\/users\/1"}],"replies":[{"embeddable":true,"href":"https:\/\/informadorweb.com\/index.php?rest_route=%2Fwp%2Fv2%2Fcomments&post=52311"}],"version-history":[{"count":1,"href":"https:\/\/informadorweb.com\/index.php?rest_route=\/wp\/v2\/posts\/52311\/revisions"}],"predecessor-version":[{"id":52312,"href":"https:\/\/informadorweb.com\/index.php?rest_route=\/wp\/v2\/posts\/52311\/revisions\/52312"}],"wp:attachment":[{"href":"https:\/\/informadorweb.com\/index.php?rest_route=%2Fwp%2Fv2%2Fmedia&parent=52311"}],"wp:term":[{"taxonomy":"category","embeddable":true,"href":"https:\/\/informadorweb.com\/index.php?rest_route=%2Fwp%2Fv2%2Fcategories&post=52311"},{"taxonomy":"post_tag","embeddable":true,"href":"https:\/\/informadorweb.com\/index.php?rest_route=%2Fwp%2Fv2%2Ftags&post=52311"}],"curies":[{"name":"wp","href":"https:\/\/api.w.org\/{rel}","templated":true}]}}