{"id":52309,"date":"2026-04-30T23:21:07","date_gmt":"2026-05-01T05:21:07","guid":{"rendered":"https:\/\/informadorweb.com\/?p=52309"},"modified":"2026-05-01T05:21:08","modified_gmt":"2026-05-01T05:21:08","slug":"centrales-obreras-y-organizaciones-sociales-se-movilizan-en-argentina-por-el-dia-internacional-de-los-trabajadores","status":"publish","type":"post","link":"https:\/\/informadorweb.com\/?p=52309","title":{"rendered":"Centrales obreras y organizaciones sociales se movilizan en Argentina por el D\u00eda Internacional de los Trabajadores"},"content":{"rendered":"<p>BUENOS AIRES, 30 abr (Xinhua) &#8212; Centrales obreras y organizaciones sociales de Argentina se movilizaron hoy jueves en la ciudad de Buenos Aires, en el marco del D\u00eda Internacional de los Trabajadores que se conmemorar\u00e1 ma\u00f1ana viernes 1 de mayo. La convocatoria fue encabezada por la Confederaci\u00f3n General del Trabajo (CGT), organizaciones sociales y distintas agrupaciones pol\u00edticas, en reclamo de \u00abtrabajo digno, con derechos, salario justo y sin ajuste a los trabajadores\u00bb. La movilizaci\u00f3n se realiz\u00f3 por calles del centro capitalino bajo la consigna \u00abEl trabajo es con derechos o es esclavo\u00bb. La demostraci\u00f3n ocup\u00f3 distintas calles porte\u00f1as y concluy\u00f3 en la emblem\u00e1tica Plaza de Mayo, frente a la Casa de Gobierno, en el centro de la capital. Los integrantes de la conducci\u00f3n tripartita de la CGT criticaron el modelo pol\u00edtico y econ\u00f3mico del Gobierno a cargo del presidente Javier Milei, y llamaron a \u00abponerle l\u00edmites\u00bb. El dirigente sindical Octavio Arg\u00fcello, del gremio de los Camioneros, advirti\u00f3 que \u00abse acab\u00f3 la paciencia\u00bb, y asegur\u00f3 que la situaci\u00f3n de conflictividad social se profundizar\u00e1: \u00abNo se soporta m\u00e1s que sigan ajustando al pueblo\u00bb, se\u00f1al\u00f3 el dirigente, quien pidi\u00f3 a los presentes \u00abno abandonar el esp\u00edritu de lucha\u00bb. Un documento le\u00eddo durante la movilizaci\u00f3n indic\u00f3 que \u00abla mayor\u00eda de los indicadores laborales, econ\u00f3micos y sociales reflejan un retroceso en la calidad de vida del pueblo argentino. La actividad econ\u00f3mica y el consumo muestran ca\u00eddas pronunciadas, fundamentalmente las vinculadas a la industria, construcci\u00f3n y comercio. No hay incentivos orientados al crecimiento de la matriz productiva, que permitan alcanzar la trilog\u00eda virtuosa de desarrollo, producci\u00f3n y trabajo\u00bb. El texto a\u00f1adi\u00f3 que \u00absolo se privilegian los beneficios de un selecto grupo de actores vinculados a la actividad financiera y especulativa\u00bb, y remarc\u00f3 que \u00aba pesar del discurso oficial, la inflaci\u00f3n sigue impactando en el poder adquisitivo de los salarios, agravado por los topes a las paritarias, que impacta en el poder adquisitivo de los salarios\u00bb. Argentina registr\u00f3 una inflaci\u00f3n del 32,6 por ciento interanual en marzo, mes en el que adem\u00e1s la variaci\u00f3n mensual de precios fue del 3,4 por ciento, la m\u00e1s alta en un a\u00f1o, inform\u00f3 el pasado 14 de abril el Instituto Nacional de Estad\u00edstica y Censos (Indec). El documento sindical lament\u00f3, adem\u00e1s, que el Ejecutivo \u00aben lugar de tender puentes de uni\u00f3n y reconocimiento, divide al pueblo, promueve el enfrentamiento, la descalificaci\u00f3n, el odio y el resentimiento, y pone en riesgo la paz social\u00bb. Tambi\u00e9n habl\u00f3 durante el acto Cristian Jer\u00f3nimo, secretario general del Sindicato de Empleados de la Industria del Vidrio y Afines, y expres\u00f3 que \u00abel movimiento obrero est\u00e1 unido y no va a retroceder\u00bb. Jer\u00f3nimo salud\u00f3 la presencia de trabajadores informales, a los que dijo: \u00abUstedes tambi\u00e9n son parte de este movimiento obrero, la salida es con trabajo, producci\u00f3n y desarrollo\u00bb. El cierre del acto qued\u00f3 a cargo del sindicalista Jorge Sola, Secretario General del Sindicato del Seguro de la Rep\u00fablica Argentina, que afirm\u00f3: \u00abNo basta con protestar y reclamar, seamos capaces de crear futuro\u00bb. \u00abNo hay libertad posible cuando falta la comida en la casa, no hay libertad posible cuando los pibes (ni\u00f1os) no pueden ir a la escuela. Protestar es nuestra responsabilidad, pero no basta solo con eso. Convoco a que demos un paso m\u00e1s: seamos capaces de ir hacia un nuevo contrato social y que la justicia social sea lo importante de un programa de gobierno\u00bb, sostuvo el dirigente. El documento advirti\u00f3 que \u00abhoy existe cierre masivo de empresas, con una escalada creciente del flagelo de la desocupaci\u00f3n y de la informalidad laboral\u00bb. Seg\u00fan un reporte dado a conocer este mes por el centro de innovaci\u00f3n en pol\u00edticas de desarrollo Fundar, a partir de datos de la Secretar\u00eda de Trabajo, desde diciembre de 2023, cuando asumi\u00f3 Milei, a marzo de 2026, cerraron en Argentina 24.180 empresas. Fin<\/p>\n","protected":false},"excerpt":{"rendered":"<p>BUENOS AIRES, 30 abr (Xinhua) &#8212; Centrales obreras y organizaciones sociales de Argentina se movilizaron&#8230;<\/p>\n","protected":false},"author":1,"featured_media":0,"comment_status":"closed","ping_status":"closed","sticky":false,"template":"","format":"standard","meta":{"footnotes":""},"categories":[2],"tags":[],"class_list":["post-52309","post","type-post","status-publish","format-standard","hentry","category-internacional"],"_links":{"self":[{"href":"https:\/\/informadorweb.com\/index.php?rest_route=\/wp\/v2\/posts\/52309","targetHints":{"allow":["GET"]}}],"collection":[{"href":"https:\/\/informadorweb.com\/index.php?rest_route=\/wp\/v2\/posts"}],"about":[{"href":"https:\/\/informadorweb.com\/index.php?rest_route=\/wp\/v2\/types\/post"}],"author":[{"embeddable":true,"href":"https:\/\/informadorweb.com\/index.php?rest_route=\/wp\/v2\/users\/1"}],"replies":[{"embeddable":true,"href":"https:\/\/informadorweb.com\/index.php?rest_route=%2Fwp%2Fv2%2Fcomments&post=52309"}],"version-history":[{"count":1,"href":"https:\/\/informadorweb.com\/index.php?rest_route=\/wp\/v2\/posts\/52309\/revisions"}],"predecessor-version":[{"id":52310,"href":"https:\/\/informadorweb.com\/index.php?rest_route=\/wp\/v2\/posts\/52309\/revisions\/52310"}],"wp:attachment":[{"href":"https:\/\/informadorweb.com\/index.php?rest_route=%2Fwp%2Fv2%2Fmedia&parent=52309"}],"wp:term":[{"taxonomy":"category","embeddable":true,"href":"https:\/\/informadorweb.com\/index.php?rest_route=%2Fwp%2Fv2%2Fcategories&post=52309"},{"taxonomy":"post_tag","embeddable":true,"href":"https:\/\/informadorweb.com\/index.php?rest_route=%2Fwp%2Fv2%2Ftags&post=52309"}],"curies":[{"name":"wp","href":"https:\/\/api.w.org\/{rel}","templated":true}]}}