{"id":52307,"date":"2026-04-30T23:20:11","date_gmt":"2026-05-01T05:20:11","guid":{"rendered":"https:\/\/informadorweb.com\/?p=52307"},"modified":"2026-05-01T05:20:12","modified_gmt":"2026-05-01T05:20:12","slug":"trump-considera-recortar-soldados-de-eeuu-en-por-lo-menos-3-paises-europeos","status":"publish","type":"post","link":"https:\/\/informadorweb.com\/?p=52307","title":{"rendered":"Trump considera recortar soldados de EEUU en por lo menos 3 pa\u00edses europeos"},"content":{"rendered":"<p>WASHINGTON, 30 abr (Xinhua) &#8212; El presidente de Estados Unidos, Donald Trump, afirm\u00f3 hoy jueves que podr\u00eda reducir la presencia de los militares estadounidenses en Espa\u00f1a e Italia, un d\u00eda despu\u00e9s de que anunci\u00f3 que su administraci\u00f3n est\u00e1 evaluando un posible recorte de soldados en Alemania. \u00abSi, probablemente lo haremos\u00bb, coment\u00f3 Trump a los reporteros en la Casa Blanca cuando se le cuestion\u00f3 por la posible reducci\u00f3n. \u00ab\u00bfPor qu\u00e9 no habr\u00eda de hacerlo? Italia no ha sido de ninguna ayuda. Espa\u00f1a ha sido horrible. Absolutamente\u00bb, dijo Trump, de nuevo criticando a los aliados europeos por no ayudar en la guerra de Estados Unidos e Israel contra Ir\u00e1n. Trump critic\u00f3 una vez m\u00e1s al canciller de Alemania, Friedrich Merz, y afirm\u00f3 que \u00abest\u00e1 haciendo un trabajo terrible\u00bb. Anteriormente, esta semana, Merz dijo que Estados Unidos est\u00e1 \u00absiendo humillado\u00bb por Ir\u00e1n. El mi\u00e9rcoles, en una publicaci\u00f3n en la red social Truth Social, Trump afirm\u00f3 que Estados Unidos est\u00e1 considerando el posible recorte de soldados en Alemania, y dijo que la decisi\u00f3n se tomar\u00e1 con determinaci\u00f3n \u00abpr\u00f3ximamente, en poco tiempo\u00bb. Tambi\u00e9n el mi\u00e9rcoles, Merz trat\u00f3 de minimizar la disputa con Trump, y asegur\u00f3 que su relaci\u00f3n personal con el presidente de Estados Unidos sigue siendo positiva, e hizo un llamado para una resoluci\u00f3n r\u00e1pida de los conflictos en Ir\u00e1n, ya que Alemania y Europa est\u00e1n padeciendo considerablemente por las consecuencias de los conflictos. Fin<\/p>\n","protected":false},"excerpt":{"rendered":"<p>WASHINGTON, 30 abr (Xinhua) &#8212; El presidente de Estados Unidos, Donald Trump, afirm\u00f3 hoy jueves&#8230;<\/p>\n","protected":false},"author":1,"featured_media":0,"comment_status":"closed","ping_status":"closed","sticky":false,"template":"","format":"standard","meta":{"footnotes":""},"categories":[2],"tags":[],"class_list":["post-52307","post","type-post","status-publish","format-standard","hentry","category-internacional"],"_links":{"self":[{"href":"https:\/\/informadorweb.com\/index.php?rest_route=\/wp\/v2\/posts\/52307","targetHints":{"allow":["GET"]}}],"collection":[{"href":"https:\/\/informadorweb.com\/index.php?rest_route=\/wp\/v2\/posts"}],"about":[{"href":"https:\/\/informadorweb.com\/index.php?rest_route=\/wp\/v2\/types\/post"}],"author":[{"embeddable":true,"href":"https:\/\/informadorweb.com\/index.php?rest_route=\/wp\/v2\/users\/1"}],"replies":[{"embeddable":true,"href":"https:\/\/informadorweb.com\/index.php?rest_route=%2Fwp%2Fv2%2Fcomments&post=52307"}],"version-history":[{"count":1,"href":"https:\/\/informadorweb.com\/index.php?rest_route=\/wp\/v2\/posts\/52307\/revisions"}],"predecessor-version":[{"id":52308,"href":"https:\/\/informadorweb.com\/index.php?rest_route=\/wp\/v2\/posts\/52307\/revisions\/52308"}],"wp:attachment":[{"href":"https:\/\/informadorweb.com\/index.php?rest_route=%2Fwp%2Fv2%2Fmedia&parent=52307"}],"wp:term":[{"taxonomy":"category","embeddable":true,"href":"https:\/\/informadorweb.com\/index.php?rest_route=%2Fwp%2Fv2%2Fcategories&post=52307"},{"taxonomy":"post_tag","embeddable":true,"href":"https:\/\/informadorweb.com\/index.php?rest_route=%2Fwp%2Fv2%2Ftags&post=52307"}],"curies":[{"name":"wp","href":"https:\/\/api.w.org\/{rel}","templated":true}]}}