{"id":52305,"date":"2026-04-30T23:19:55","date_gmt":"2026-05-01T05:19:55","guid":{"rendered":"https:\/\/informadorweb.com\/?p=52305"},"modified":"2026-05-01T05:19:56","modified_gmt":"2026-05-01T05:19:56","slug":"previsiones-informativas-semanales-para-america-latina-y-el-caribe-12","status":"publish","type":"post","link":"https:\/\/informadorweb.com\/?p=52305","title":{"rendered":"Previsiones informativas semanales para Am\u00e9rica Latina y el Caribe"},"content":{"rendered":"<div class=\"el-scrollbar__wrap\">\n<div class=\"el-scrollbar__view\">\n<div class=\"news-content\" data-v-e79c3ee4=\"\">M\u00c9XICO, 30 abr (Xinhua) &#8212; Transmitimos las previsiones informativas semanales para Am\u00e9rica Latina y el Caribe del 3 al 9 de mayo de 2026. Domingo, 3 de mayo BOLIVIA &#8212; Concluye la Expoferia de Cochabamba, un evento que re\u00fane a m\u00e1s de 1.600 expositores y delegaciones de pa\u00edses vecinos, consolid\u00e1ndose como una plataforma clave para la generaci\u00f3n de contactos comerciales, la presentaci\u00f3n de innovaciones y el impulso del intercambio econ\u00f3mico. COLOMBIA &#8212; Primera edici\u00f3n de la Marat\u00f3n de Cali, una competencia que debuta con el sello de calidad de World Athletics y reunir\u00e1 a corredores \u00e9lite, incluidos medallistas ol\u00edmpicos y mundiales de diversos pa\u00edses. COLOMBIA &#8212; Se llevar\u00e1 a cabo la Milla de Colores, una iniciativa que promueve estilos de vida saludables mediante recorridos de 3K, 5K y 10K. La jornada se desarrollar\u00e1 en distintas v\u00edas principales de la ciudad de Ibagu\u00e9 (oeste). ECUADOR &#8212; Rige el toque de queda en nueve provincias y cuatro cantones (municipios) de Ecuador decretado por el Gobierno para reducir la criminalidad (al 18 de mayo). ECUADOR &#8212; Termina el feriado nacional de cuatro d\u00edas decretado por el Gobierno con ocasi\u00f3n del D\u00eda Internacional del Trabajo. M\u00c9XICO &#8212; Concluye la Expo Cerveza Artesanal Guanajuato 2026 que busca promover marcas independientes, artesanales y de especialidad de la zona central del pa\u00eds, mediante catas, talleres y concursos, en la ciudad de Guanajuato. Lunes, 4 de mayo BOLIVIA &#8212; El Gobierno convoca a los transportistas a una mesa de di\u00e1logo para abordar las demandas del sector y evitar conflictos que afecten a la poblaci\u00f3n, de acuerdo con el ministro de Obras P\u00fablicas, Mauricio Zamora. BOLIVIA &#8212; Gobernadores, subgobernadores, alcaldes, asamble\u00edstas y concejales asumir\u00e1n formalmente sus cargos para el periodo 2026-2031, tras haber recibido sus credenciales. BRASIL &#8212; El Banco Central divulgar\u00e1 la encuesta Focus con las previsiones de las principales instituciones financieras del pa\u00eds sobre las tendencias de la econom\u00eda brasile\u00f1a. BRASIL &#8212; Feria de la industria de viajes de lujo \u00abInternational Luxury Travel Market Latin America 2026\u00bb con una gama de destinos cotizados a nivel global en cuanto a alojamientos y servicios, en la ciudad de Sao Paulo (al 7 de mayo). CHILE &#8212; Festival de Cine \u00abSantiago Wild\u00bb enfocado en la vida salvaje y el medio ambiente, organizado por la fundaci\u00f3n Ladera Sur y National Geographic, as\u00ed como la colaboraci\u00f3n del Festival Internacional Jackson Wild (al 8 de mayo). COLOMBIA &#8212; Termina la Feria Internacional del Libro de Bogot\u00e1 que este a\u00f1o cuenta con cerca de 2.000 actividades y tiene a la India como pa\u00eds invitado de honor, en el recinto ferial de la ciudad de Bogot\u00e1. Martes, 5 de mayo BOLIVIA &#8212; La Confederaci\u00f3n de Choferes de Bolivia iniciar\u00e1 un paro nacional escalonado con bloqueos de calles y carreteras, en protesta por problemas relacionados con el suministro de combustible y el estado de la red vial. BRASIL &#8212; El Comit\u00e9 de Pol\u00edtica Monetaria del Banco Central publica el acta de su reuni\u00f3n de la semana anterior, en la que detalla los fundamentos de su decisi\u00f3n sobre la tasa b\u00e1sica de inter\u00e9s Selic. BRASIL &#8212; Conferencias de seguridad corporativa \u00abASIS Latinoam\u00e9rica &amp; El Caribe\u00bb que reunir\u00e1 a especialistas de la regi\u00f3n para tratar el tema \u00abRiesgo sin fronteras: la convergencia de la geopol\u00edtica y la seguridad corporativa\u00bb, en la ciudad de Sao Paulo (al 6 de mayo). COLOMBIA &#8212; El Meccore String Quartet, reconocido internacionalmente como embajador de la m\u00fasica polaca, ofrecer\u00e1 un concierto de m\u00fasica de c\u00e1mara en el Teatro Estudio de la ciudad de Bogot\u00e1. URUGUAY &#8212; El Instituto Nacional de Estad\u00edstica difunde el dato de inflaci\u00f3n correspondiente al mes de abril. URUGUAY &#8212; El Instituto Nacional de Estad\u00edstica difunde la encuesta mensual sobre Actividad, Empleo y Desempleo correspondiente a marzo. Mi\u00e9rcoles, 6 de mayo BRASIL &#8212; La Asociaci\u00f3n Nacional de Fabricantes de Veh\u00edculos Automotores da a conocer los resultados de producci\u00f3n, ventas y exportaciones del sector correspondientes a abril. CHILE &#8212; D\u00e9cima Conferencia Redagr\u00edcola Chile con productores y expertos que intercambiar\u00e1n experiencias en cultivos de cereza y uva de mesa, pilares de la exportaci\u00f3n agr\u00edcola chilena, en la regi\u00f3n de O&#8217;Higgins (al 7 de mayo). ECUADOR &#8212; Evento de miner\u00eda \u00abExpominas 2026\u00bb con representaciones de empresas del sector para presentar productos, servicios, soluciones y contactos, en la ciudad de Quito (al 8 de mayo). M\u00c9XICO &#8212; Cuarta Cumbre Internacional de Suministros de la Industria Automotriz que reunir\u00e1 a los distintos eslabones de la cadena econ\u00f3mica, en el Centro de Congresos de la ciudad de Quer\u00e9taro (al 7 de mayo). Jueves, 7 de mayo BRASIL &#8212; El Instituto Brasile\u00f1o de Geograf\u00eda y Estad\u00edstica divulga el resultado oficial de la producci\u00f3n industrial del mes de marzo. BRASIL &#8212; El Ministerio de Desarrollo, Industria, Comercio y Servicios da a conocer el resultado de la balanza comercial correspondiente al mes de abril. COLOMBIA &#8212; Jornada de comercio electr\u00f3nico \u00abeCommerce Day Colombia 2026\u00bb sobre modalidad minorista, canales digitales e inteligencia artificial, en el Centro de Convenciones de la ciudad de Bogot\u00e1. CUBA &#8212; Feria Internacional de Turismo de Cuba \u00abFITCuba 2026\u00bb que combinar\u00e1 jornadas virtuales y presenciales bajo el impulso del Ministerio de Turismo de la isla caribe\u00f1a para el impulso del sector como fuente de ingresos, en el balneario de Varadero (al 9 de mayo). M\u00c9XICO &#8212; Segunda Cumbre de Innovaci\u00f3n Industrial y Manufactura Avanzada dirigida a sectores industriales con enfoque en la reconfiguraci\u00f3n de cadenas productivas a nivel global, organizada por la Asociaci\u00f3n Mexicana de Distribuidores de Maquinaria, en la ciudad de Monterrey. M\u00c9XICO &#8212; Festival Cultural de Mayo, que en la presente edici\u00f3n contar\u00e1 con artistas invitados de naciones como Alemania, Australia, Austria, Canad\u00e1, Colombia, Espa\u00f1a y Estados Unidos en artes pl\u00e1sticas, circo, danza y m\u00fasica, en la ciudad de Guadalajara (al 29 de mayo). M\u00c9XICO &#8212; Festival Internacional del Arte, el Queso y el Vino 2026 con productores vin\u00edcolas y queser\u00edas para exaltar olores y sabores de las producciones locales, en el Pueblo M\u00e1gico de Tequisquiapan, en el estado de Quer\u00e9taro (al 24 de mayo). Viernes, 8 de mayo COSTA RICA &#8212; Toma de posesi\u00f3n de Laura Fern\u00e1ndez para el periodo presidencial 2026-2030, tras ganar las elecciones de febrero pasado y dar as\u00ed continuidad al proyecto pol\u00edtico del mandatario saliente, Rodrigo Chaves, al no poder aspirar a la reelecci\u00f3n inmediata. M\u00c9XICO &#8212; Termina el curso de planificaci\u00f3n \u00abMarco L\u00f3gico para la Formulaci\u00f3n de Programas y Proyectos P\u00fablicos\u00bb, presentado por el Instituto Latinoamericano y del Caribe de Planificaci\u00f3n Econ\u00f3mica y Social, en la Ciudad de M\u00e9xico. S\u00e1bado, 9 de mayo COLOMBIA &#8212; Se presentar\u00e1 Voces del Joropo, un montaje que exalta la riqueza del folclor llanero en un formato de gran escala. El espect\u00e1culo tendr\u00e1 lugar en el Movistar Arena de la ciudad de Bogot\u00e1. M\u00c9XICO &#8212; Concluye el evento de la industria gr\u00e1fica \u00abExpogr\u00e1fica 2026\u00bb de M\u00e9xico y Am\u00e9rica Latina con la presentaci\u00f3n de m\u00e1quinas de \u00faltima generaci\u00f3n, organizado por la Asociaci\u00f3n Nacional de la Industria Gr\u00e1fica, en el marco de la Expo Guadalajara. Fin<\/div>\n<\/div>\n<\/div>\n<div class=\"el-scrollbar__bar is-horizontal\"><\/div>\n","protected":false},"excerpt":{"rendered":"<p>M\u00c9XICO, 30 abr (Xinhua) &#8212; Transmitimos las previsiones informativas semanales para Am\u00e9rica Latina y el&#8230;<\/p>\n","protected":false},"author":1,"featured_media":0,"comment_status":"closed","ping_status":"closed","sticky":false,"template":"","format":"standard","meta":{"footnotes":""},"categories":[7],"tags":[],"class_list":["post-52305","post","type-post","status-publish","format-standard","hentry","category-nacional"],"_links":{"self":[{"href":"https:\/\/informadorweb.com\/index.php?rest_route=\/wp\/v2\/posts\/52305","targetHints":{"allow":["GET"]}}],"collection":[{"href":"https:\/\/informadorweb.com\/index.php?rest_route=\/wp\/v2\/posts"}],"about":[{"href":"https:\/\/informadorweb.com\/index.php?rest_route=\/wp\/v2\/types\/post"}],"author":[{"embeddable":true,"href":"https:\/\/informadorweb.com\/index.php?rest_route=\/wp\/v2\/users\/1"}],"replies":[{"embeddable":true,"href":"https:\/\/informadorweb.com\/index.php?rest_route=%2Fwp%2Fv2%2Fcomments&post=52305"}],"version-history":[{"count":1,"href":"https:\/\/informadorweb.com\/index.php?rest_route=\/wp\/v2\/posts\/52305\/revisions"}],"predecessor-version":[{"id":52306,"href":"https:\/\/informadorweb.com\/index.php?rest_route=\/wp\/v2\/posts\/52305\/revisions\/52306"}],"wp:attachment":[{"href":"https:\/\/informadorweb.com\/index.php?rest_route=%2Fwp%2Fv2%2Fmedia&parent=52305"}],"wp:term":[{"taxonomy":"category","embeddable":true,"href":"https:\/\/informadorweb.com\/index.php?rest_route=%2Fwp%2Fv2%2Fcategories&post=52305"},{"taxonomy":"post_tag","embeddable":true,"href":"https:\/\/informadorweb.com\/index.php?rest_route=%2Fwp%2Fv2%2Ftags&post=52305"}],"curies":[{"name":"wp","href":"https:\/\/api.w.org\/{rel}","templated":true}]}}