{"id":52295,"date":"2026-04-30T23:18:07","date_gmt":"2026-05-01T05:18:07","guid":{"rendered":"https:\/\/informadorweb.com\/?p=52295"},"modified":"2026-05-01T05:18:08","modified_gmt":"2026-05-01T05:18:08","slug":"resumen-bolivia-enfrenta-ola-de-protestas-de-obreros-maestros-choferes-e-indigenas","status":"publish","type":"post","link":"https:\/\/informadorweb.com\/?p=52295","title":{"rendered":"Resumen: Bolivia enfrenta ola de protestas de obreros, maestros, choferes e ind\u00edgenas"},"content":{"rendered":"<p>LA PAZ, 30 abr (Xinhua) &#8212; El Gobierno boliviano enfrenta una creciente presi\u00f3n social con varios sectores movilizados en distintas regiones del pa\u00eds, en un escenario que combina demandas salariales, laborales, reclamos por el abastecimiento de combustibles y exigencias territoriales de comunidades ind\u00edgenas y campesinas. La Central Obrera Boliviana (COB), principal organizaci\u00f3n sindical del pa\u00eds, convoc\u00f3 a un cabildo para ma\u00f1ana 1 de mayo en la ciudad de El Alto, contigua a La Paz, donde prev\u00e9 definir su agenda pol\u00edtica y acciones de hecho frente a lo que considera una falta de respuesta del Ejecutivo a su pliego petitorio. El secretario ejecutivo de la central de trabajadores, Mario Argollo, inform\u00f3 que la medida se da ante la negativa del Gobierno de atender su pliego, que en uno de sus puntos demanda el incremento del 20 por ciento al salario b\u00e1sico. En paralelo, la Confederaci\u00f3n de Choferes de Bolivia anunci\u00f3 un paro escalonado a partir del pr\u00f3ximo 5 de mayo. El sector exige soluciones al abastecimiento de combustible, compensaciones por los da\u00f1os atribuidos a la baja calidad de la gasolina y mejoras en la infraestructura vial. Tambi\u00e9n manifest\u00f3 su rechazo a cualquier intento de privatizaci\u00f3n de la estatal Yacimientos Petrol\u00edferos Fiscales Bolivianos (YPFB). Las rutas al norte de La Paz contin\u00faan interrumpidas desde el lunes por bloqueos instalados por el sector del transporte del municipio de Caranavi, que exige al Gobierno una respuesta inmediata ante la falta de combustible, la mala calidad de la gasolina y el mal estado de las carreteras. La medida ha paralizado la principal v\u00eda que conecta la ciudad de La Paz con el norte pace\u00f1o, los Yungas y el norte amaz\u00f3nico del pa\u00eds, generando un fuerte impacto en el traslado de pasajeros y en el abastecimiento de combustible en la regi\u00f3n. A estas tensiones se suma una marcha ind\u00edgena y campesina que avanza hacia La Paz tras m\u00e1s de tres semanas de recorrido desde el departamento amaz\u00f3nico de Pando (norte). Los manifestantes exigen la anulaci\u00f3n de la conversi\u00f3n de la peque\u00f1a propiedad en mediana propiedad, una medida que consideran perjudicial para sus territorios. Otro sector que se moviliza contra el Gobierno y exige un incremento salarial es el magisterio, que parti\u00f3 en una marcha desde la localidad de Calamarca, distante a 54 kil\u00f3metros de la ciudad de La Paz, en busca de plegarse al cabildo de la COB de este viernes. Los docentes demandan un incremento salarial y mejores condiciones laborales, en l\u00ednea con otros sectores movilizados. Durante la semana se registraron adem\u00e1s protestas dispersas en el centro de La Paz, donde maestros se concentraron en inmediaciones del Ministerio de Educaci\u00f3n. El Gobierno de Bolivia elev\u00f3 el tono pol\u00edtico frente a la creciente ola de protestas y denunci\u00f3 la existencia de un \u00abproceso conspirativo en curso\u00bb, al tiempo que descart\u00f3 cualquier posibilidad de ceder el mandato popular otorgado al presidente Paz Pereira para encarar la reconstrucci\u00f3n del pa\u00eds. Fin<\/p>\n","protected":false},"excerpt":{"rendered":"<p>LA PAZ, 30 abr (Xinhua) &#8212; El Gobierno boliviano enfrenta una creciente presi\u00f3n social con&#8230;<\/p>\n","protected":false},"author":1,"featured_media":0,"comment_status":"closed","ping_status":"closed","sticky":false,"template":"","format":"standard","meta":{"footnotes":""},"categories":[2],"tags":[],"class_list":["post-52295","post","type-post","status-publish","format-standard","hentry","category-internacional"],"_links":{"self":[{"href":"https:\/\/informadorweb.com\/index.php?rest_route=\/wp\/v2\/posts\/52295","targetHints":{"allow":["GET"]}}],"collection":[{"href":"https:\/\/informadorweb.com\/index.php?rest_route=\/wp\/v2\/posts"}],"about":[{"href":"https:\/\/informadorweb.com\/index.php?rest_route=\/wp\/v2\/types\/post"}],"author":[{"embeddable":true,"href":"https:\/\/informadorweb.com\/index.php?rest_route=\/wp\/v2\/users\/1"}],"replies":[{"embeddable":true,"href":"https:\/\/informadorweb.com\/index.php?rest_route=%2Fwp%2Fv2%2Fcomments&post=52295"}],"version-history":[{"count":1,"href":"https:\/\/informadorweb.com\/index.php?rest_route=\/wp\/v2\/posts\/52295\/revisions"}],"predecessor-version":[{"id":52296,"href":"https:\/\/informadorweb.com\/index.php?rest_route=\/wp\/v2\/posts\/52295\/revisions\/52296"}],"wp:attachment":[{"href":"https:\/\/informadorweb.com\/index.php?rest_route=%2Fwp%2Fv2%2Fmedia&parent=52295"}],"wp:term":[{"taxonomy":"category","embeddable":true,"href":"https:\/\/informadorweb.com\/index.php?rest_route=%2Fwp%2Fv2%2Fcategories&post=52295"},{"taxonomy":"post_tag","embeddable":true,"href":"https:\/\/informadorweb.com\/index.php?rest_route=%2Fwp%2Fv2%2Ftags&post=52295"}],"curies":[{"name":"wp","href":"https:\/\/api.w.org\/{rel}","templated":true}]}}