{"id":52281,"date":"2026-04-30T23:16:12","date_gmt":"2026-05-01T05:16:12","guid":{"rendered":"https:\/\/informadorweb.com\/?p=52281"},"modified":"2026-05-01T05:16:13","modified_gmt":"2026-05-01T05:16:13","slug":"brasil-registra-en-el-primer-trimestre-menor-tasa-de-desempleo-historica-para-el-periodo","status":"publish","type":"post","link":"https:\/\/informadorweb.com\/?p=52281","title":{"rendered":"Brasil registra en el primer trimestre menor tasa de desempleo hist\u00f3rica para el per\u00edodo"},"content":{"rendered":"<p>R\u00cdO DE JANEIRO, 30 abr (Xinhua) &#8212; La tasa de desempleo en Brasil se ubic\u00f3 en el 6,1 por ciento en el primer trimestre de 2026, el nivel m\u00e1s bajo registrado para ese per\u00edodo desde el inicio de la serie hist\u00f3rica en 2012, inform\u00f3 hoy el Instituto Brasile\u00f1o de Geograf\u00eda y Estad\u00edstica (Igbe). El resultado es superior al del cuarto trimestre de 2025, cuando la desocupaci\u00f3n fue del 5,1 por ciento, pero representa una mejora significativa frente al mismo per\u00edodo del a\u00f1o pasado, cuando alcanzaba el 7 por ciento. De acuerdo con los datos oficiales, el pa\u00eds cerr\u00f3 el trimestre con 6.6 millones de personas en busca de empleo, lo que supone un aumento del 19,6 por ciento frente al trimestre anterior, equivalente a 1,1 millones de personas m\u00e1s. Sin embargo, en la comparaci\u00f3n anual, el contingente de desempleados es un 13 por ciento menor. El n\u00famero total de ocupados alcanz\u00f3 los 102 millones de personas, lo que representa una ca\u00edda de 1 mill\u00f3n respecto al trimestre anterior, aunque supone un incremento de 1.5 millones en relaci\u00f3n con el mismo per\u00edodo de 2025. El Ibge explic\u00f3 que el comportamiento del mercado laboral en los primeros meses del a\u00f1o est\u00e1 influido por factores estacionales, entre ellos la reducci\u00f3n de la actividad en el comercio tras el fin de las fiestas de fin de a\u00f1o y la terminaci\u00f3n de contratos temporales en sectores como educaci\u00f3n y salud p\u00fablica. A pesar del leve aumento del desempleo frente al trimestre anterior, el mercado laboral mostr\u00f3 se\u00f1ales positivas en t\u00e9rminos de formalizaci\u00f3n y la tasa de informalidad se redujo al 37,3 por ciento de la poblaci\u00f3n ocupada, lo que equivale a 38.1 millones de trabajadores sin acceso a derechos laborales. El n\u00famero de empleados con contrato formal en el sector privado se situ\u00f3 en 39.2 millones, sin variaciones significativas frente al trimestre anterior, pero con un aumento del 1,3 por ciento en comparaci\u00f3n interanual. El n\u00famero de trabajadores por cuenta propia se ubic\u00f3 en 26 millones, sin cambios relevantes en el trimestre, aunque registr\u00f3 un crecimiento del 2,4 por ciento respecto al mismo per\u00edodo del a\u00f1o pasado. El informe se divulga un d\u00eda despu\u00e9s de los datos del registro administrativo de empleo formal, que mostraron la creaci\u00f3n neta en marzo de 228.000 puestos de trabajo con contrato y un saldo positivo de 1.2 millones de empleos formales en los \u00faltimos 12 meses. Fin<\/p>\n","protected":false},"excerpt":{"rendered":"<p>R\u00cdO DE JANEIRO, 30 abr (Xinhua) &#8212; La tasa de desempleo en Brasil se ubic\u00f3&#8230;<\/p>\n","protected":false},"author":1,"featured_media":0,"comment_status":"closed","ping_status":"closed","sticky":false,"template":"","format":"standard","meta":{"footnotes":""},"categories":[2],"tags":[],"class_list":["post-52281","post","type-post","status-publish","format-standard","hentry","category-internacional"],"_links":{"self":[{"href":"https:\/\/informadorweb.com\/index.php?rest_route=\/wp\/v2\/posts\/52281","targetHints":{"allow":["GET"]}}],"collection":[{"href":"https:\/\/informadorweb.com\/index.php?rest_route=\/wp\/v2\/posts"}],"about":[{"href":"https:\/\/informadorweb.com\/index.php?rest_route=\/wp\/v2\/types\/post"}],"author":[{"embeddable":true,"href":"https:\/\/informadorweb.com\/index.php?rest_route=\/wp\/v2\/users\/1"}],"replies":[{"embeddable":true,"href":"https:\/\/informadorweb.com\/index.php?rest_route=%2Fwp%2Fv2%2Fcomments&post=52281"}],"version-history":[{"count":1,"href":"https:\/\/informadorweb.com\/index.php?rest_route=\/wp\/v2\/posts\/52281\/revisions"}],"predecessor-version":[{"id":52282,"href":"https:\/\/informadorweb.com\/index.php?rest_route=\/wp\/v2\/posts\/52281\/revisions\/52282"}],"wp:attachment":[{"href":"https:\/\/informadorweb.com\/index.php?rest_route=%2Fwp%2Fv2%2Fmedia&parent=52281"}],"wp:term":[{"taxonomy":"category","embeddable":true,"href":"https:\/\/informadorweb.com\/index.php?rest_route=%2Fwp%2Fv2%2Fcategories&post=52281"},{"taxonomy":"post_tag","embeddable":true,"href":"https:\/\/informadorweb.com\/index.php?rest_route=%2Fwp%2Fv2%2Ftags&post=52281"}],"curies":[{"name":"wp","href":"https:\/\/api.w.org\/{rel}","templated":true}]}}