{"id":52273,"date":"2026-04-30T23:14:58","date_gmt":"2026-05-01T05:14:58","guid":{"rendered":"https:\/\/informadorweb.com\/?p=52273"},"modified":"2026-05-01T05:14:59","modified_gmt":"2026-05-01T05:14:59","slug":"congreso-de-brasil-anula-veto-de-lula-y-aprueba-ley-que-reduce-penas-de-expresidente-bolsonaro-y-otros-condenados","status":"publish","type":"post","link":"https:\/\/informadorweb.com\/?p=52273","title":{"rendered":"Congreso de Brasil anula veto de Lula y aprueba ley que reduce penas de expresidente Bolsonaro y otros condenados"},"content":{"rendered":"<p>BRASILIA, 30 abr (Xinhua) &#8212; El Congreso de Brasil anul\u00f3 este jueves el veto del presidente Luiz In\u00e1cio Lula da Silva al proyecto de ley de Dosimetr\u00eda, una norma que reduce las penas de los condenados por los ataques a las sedes de los Tres Poderes ocurridos el 8 de enero de 2023. La iniciativa, que ahora avanza hacia su promulgaci\u00f3n, podr\u00eda beneficiar al expresidente Jair Bolsonaro, condenado a 27 a\u00f1os y tres meses de prisi\u00f3n por tentativa de golpe de Estado. En la C\u00e1mara de Diputados, la anulaci\u00f3n del veto obtuvo 318 votos a favor y 144 en contra, con lo que super\u00f3 el m\u00ednimo requerido de 257, y en el Senado, la decisi\u00f3n fue aprobada con 49 a favor y 24 en contra, por encima del umbral de 41 sufragios necesarios para revertir la medida presidencial. El texto establece que no podr\u00e1n acumularse las penas por los delitos de abolici\u00f3n violenta del Estado democr\u00e1tico de derecho y golpe de Estado, de modo que se aplicar\u00e1 \u00fanicamente la sanci\u00f3n del crimen m\u00e1s grave, con un aumento de entre un sexto y la mitad. La norma prev\u00e9 reducciones de entre uno y dos tercios de la pena cuando los hechos hayan ocurrido en un contexto de multitud, siempre que el condenado no haya actuado como financiador o l\u00edder del movimiento. La llamada ley de la Dosimetr\u00eda hab\u00eda sido aprobada por el Congreso en diciembre, pero fue vetada de forma total por Lula da Silva el pasado 8 de enero. Seg\u00fan estimaciones, la medida podr\u00eda impactar en la reducci\u00f3n de condenas de alrededor de 280 personas. En el caso de Bolsonaro, expertos se\u00f1alan que, bajo la legislaci\u00f3n anterior, podr\u00eda acceder al r\u00e9gimen semiabierto en 2033, mientras que con la nueva norma ese plazo podr\u00eda adelantarse a un per\u00edodo de entre dos y cuatro a\u00f1os. La votaci\u00f3n se produjo un d\u00eda despu\u00e9s de que el Senado rechazara la nominaci\u00f3n del abogado Jorge Messias al Supremo Tribunal Federal, propuesta por el presidente Lula da Silva. Durante la sesi\u00f3n de este jueves, el presidente del Senado, Rodrigo Pacheco, retir\u00f3 una parte del proyecto original relacionada con la llamada Ley Antifacci\u00f3n, con el objetivo de evitar que la revisi\u00f3n del veto afectara el endurecimiento de penas para criminales considerados de alta peligrosidad. Fin<\/p>\n","protected":false},"excerpt":{"rendered":"<p>BRASILIA, 30 abr (Xinhua) &#8212; El Congreso de Brasil anul\u00f3 este jueves el veto del&#8230;<\/p>\n","protected":false},"author":1,"featured_media":0,"comment_status":"closed","ping_status":"closed","sticky":false,"template":"","format":"standard","meta":{"footnotes":""},"categories":[2],"tags":[],"class_list":["post-52273","post","type-post","status-publish","format-standard","hentry","category-internacional"],"_links":{"self":[{"href":"https:\/\/informadorweb.com\/index.php?rest_route=\/wp\/v2\/posts\/52273","targetHints":{"allow":["GET"]}}],"collection":[{"href":"https:\/\/informadorweb.com\/index.php?rest_route=\/wp\/v2\/posts"}],"about":[{"href":"https:\/\/informadorweb.com\/index.php?rest_route=\/wp\/v2\/types\/post"}],"author":[{"embeddable":true,"href":"https:\/\/informadorweb.com\/index.php?rest_route=\/wp\/v2\/users\/1"}],"replies":[{"embeddable":true,"href":"https:\/\/informadorweb.com\/index.php?rest_route=%2Fwp%2Fv2%2Fcomments&post=52273"}],"version-history":[{"count":1,"href":"https:\/\/informadorweb.com\/index.php?rest_route=\/wp\/v2\/posts\/52273\/revisions"}],"predecessor-version":[{"id":52274,"href":"https:\/\/informadorweb.com\/index.php?rest_route=\/wp\/v2\/posts\/52273\/revisions\/52274"}],"wp:attachment":[{"href":"https:\/\/informadorweb.com\/index.php?rest_route=%2Fwp%2Fv2%2Fmedia&parent=52273"}],"wp:term":[{"taxonomy":"category","embeddable":true,"href":"https:\/\/informadorweb.com\/index.php?rest_route=%2Fwp%2Fv2%2Fcategories&post=52273"},{"taxonomy":"post_tag","embeddable":true,"href":"https:\/\/informadorweb.com\/index.php?rest_route=%2Fwp%2Fv2%2Ftags&post=52273"}],"curies":[{"name":"wp","href":"https:\/\/api.w.org\/{rel}","templated":true}]}}