{"id":52271,"date":"2026-04-30T23:14:41","date_gmt":"2026-05-01T05:14:41","guid":{"rendered":"https:\/\/informadorweb.com\/?p=52271"},"modified":"2026-05-01T05:14:42","modified_gmt":"2026-05-01T05:14:42","slug":"bolivia-revierte-deficit-comercial-con-fuerte-impulso-exportador-de-la-mineria-y-manufacturas","status":"publish","type":"post","link":"https:\/\/informadorweb.com\/?p=52271","title":{"rendered":"Bolivia revierte d\u00e9ficit comercial con fuerte impulso exportador de la miner\u00eda y manufacturas"},"content":{"rendered":"<p>LA PAZ, 30 abr (Xinhua) &#8212; Bolivia registr\u00f3 un super\u00e1vit comercial de 1.268 millones de d\u00f3lares en el primer trimestre de 2026, impulsado por un fuerte repunte de las exportaciones y el buen desempe\u00f1o liderado por la industria manufacturera y el sector minero, inform\u00f3 hoy jueves el Instituto Nacional de Estad\u00edstica (INE). El dato, difundido por el estatal INE, contrasta con el d\u00e9ficit de 433,9 millones de d\u00f3lares registrado en el mismo periodo de 2025 y marca un cambio de tendencia tras tres a\u00f1os consecutivos de resultados negativos en la balanza comercial. El informe se\u00f1ala que de enero a marzo de 2026, las exportaciones alcanzaron 3.581,7 millones de d\u00f3lares, un incremento cercano al 100 por ciento respecto al mismo periodo del a\u00f1o anterior. Este crecimiento estuvo liderado por la industria manufacturera y el sector minero, con aumentos destacados en las ventas de oro met\u00e1lico y productos derivados de soya. En paralelo, las importaciones sumaron 2.313,6 millones de d\u00f3lares, reflejando una contracci\u00f3n que contribuy\u00f3 al saldo positivo, en parte por una menor demanda de combustibles. El economista Gary Rodr\u00edguez, gerente del Instituto Boliviano de Comercio Exterior (IBCE), explic\u00f3 a Xinhua que el super\u00e1vit responde a una combinaci\u00f3n de factores, entre ellos el alza de los precios internacionales de los minerales y la ca\u00edda de las importaciones. No obstante, advirti\u00f3 que el resultado no es completamente estructural. \u00abGran parte de este desempe\u00f1o se debe m\u00e1s a un efecto precio que a un incremento sostenido del volumen exportado\u00bb, se\u00f1al\u00f3 el analista. El economista manifest\u00f3 que, a pesar de la mejora en el comercio exterior, Bolivia contin\u00faa enfrentando limitaciones en la disponibilidad de d\u00f3lares. Las reservas internacionales se sit\u00faan en 3.542,9 millones de d\u00f3lares, pero solo el 5 por ciento corresponde a divisas estadounidenses, lo cual reduce la capacidad de respuesta del sistema financiero. Seg\u00fan Rodr\u00edguez, el desempe\u00f1o sectorial muestra una recuperaci\u00f3n desigual. Mientras la industria y la miner\u00eda impulsan las exportaciones, el sector de hidrocarburos contin\u00faa en descenso, con una reducci\u00f3n en sus ventas externas frente al a\u00f1o anterior. De acuerdo con el informe del INE, la agricultura y las actividades vinculadas registraron un crecimiento moderado, con aumentos en productos como la casta\u00f1a, aunque su aporte sigue siendo limitado en comparaci\u00f3n con otros sectores. Sobre las perspectivas para el resto de 2026, Rodr\u00edguez dijo que los indicadores de comercio exterior est\u00e1n condicionados por el contexto internacional, marcado por riesgos de desaceleraci\u00f3n econ\u00f3mica y volatilidad en los precios de las materias primas. Fin<\/p>\n","protected":false},"excerpt":{"rendered":"<p>LA PAZ, 30 abr (Xinhua) &#8212; Bolivia registr\u00f3 un super\u00e1vit comercial de 1.268 millones de&#8230;<\/p>\n","protected":false},"author":1,"featured_media":0,"comment_status":"closed","ping_status":"closed","sticky":false,"template":"","format":"standard","meta":{"footnotes":""},"categories":[2],"tags":[],"class_list":["post-52271","post","type-post","status-publish","format-standard","hentry","category-internacional"],"_links":{"self":[{"href":"https:\/\/informadorweb.com\/index.php?rest_route=\/wp\/v2\/posts\/52271","targetHints":{"allow":["GET"]}}],"collection":[{"href":"https:\/\/informadorweb.com\/index.php?rest_route=\/wp\/v2\/posts"}],"about":[{"href":"https:\/\/informadorweb.com\/index.php?rest_route=\/wp\/v2\/types\/post"}],"author":[{"embeddable":true,"href":"https:\/\/informadorweb.com\/index.php?rest_route=\/wp\/v2\/users\/1"}],"replies":[{"embeddable":true,"href":"https:\/\/informadorweb.com\/index.php?rest_route=%2Fwp%2Fv2%2Fcomments&post=52271"}],"version-history":[{"count":1,"href":"https:\/\/informadorweb.com\/index.php?rest_route=\/wp\/v2\/posts\/52271\/revisions"}],"predecessor-version":[{"id":52272,"href":"https:\/\/informadorweb.com\/index.php?rest_route=\/wp\/v2\/posts\/52271\/revisions\/52272"}],"wp:attachment":[{"href":"https:\/\/informadorweb.com\/index.php?rest_route=%2Fwp%2Fv2%2Fmedia&parent=52271"}],"wp:term":[{"taxonomy":"category","embeddable":true,"href":"https:\/\/informadorweb.com\/index.php?rest_route=%2Fwp%2Fv2%2Fcategories&post=52271"},{"taxonomy":"post_tag","embeddable":true,"href":"https:\/\/informadorweb.com\/index.php?rest_route=%2Fwp%2Fv2%2Ftags&post=52271"}],"curies":[{"name":"wp","href":"https:\/\/api.w.org\/{rel}","templated":true}]}}