{"id":52261,"date":"2026-04-30T23:13:22","date_gmt":"2026-05-01T05:13:22","guid":{"rendered":"https:\/\/informadorweb.com\/?p=52261"},"modified":"2026-05-01T05:13:22","modified_gmt":"2026-05-01T05:13:22","slug":"colombia-rechaza-detencion-de-sus-ciudadanos-en-flotilla-global-sumud-por-parte-de-autoridades-de-israel","status":"publish","type":"post","link":"https:\/\/informadorweb.com\/?p=52261","title":{"rendered":"Colombia rechaza detenci\u00f3n de sus ciudadanos en Flotilla Global Sumud por parte de autoridades de Israel"},"content":{"rendered":"<p>BOGOT\u00c1, 30 abr (Xinhua) &#8212; El Ministerio de Relaciones Exteriores de Colombia conden\u00f3 este jueves la detenci\u00f3n por parte de autoridades israel\u00edes de tres ciudadanos colombianos que forman parte de la tripulaci\u00f3n de la Flotilla Global Sumud, que viajaba a la Franja de Gaza para entregar ayuda humanitaria. \u00abColombia hace un firme llamado a las autoridades israel\u00edes para la inmediata liberaci\u00f3n de los tres nacionales colombianos y reitera la importancia del respeto del derecho internacional y los derechos humanos\u00bb, se\u00f1al\u00f3 la cartera en un comunicado. La canciller\u00eda subray\u00f3 tambi\u00e9n la necesidad urgente del pueblo palestino de recibir ayuda humanitaria sin obst\u00e1culos en el marco de la crisis generada por la guerra en su territorio. Tambi\u00e9n record\u00f3 que en el marco de la Convenci\u00f3n de Viena sobre Relaciones Consulares de 1963, la Oficina Consular en Tel Aviv lleva a cabo gestiones tendientes a brindar asistencia a los colombianos afectados. Por su parte, el presidente colombiano, Gustavo Petro, calific\u00f3 la detenci\u00f3n como un \u00absecuestro\u00bb en aguas internacionales por parte del ej\u00e9rcito israel\u00ed que tom\u00f3 ilegalmente las embarcaciones en donde viajaban los colombianos junto a decenas de activistas de varios pa\u00edses. Fin<\/p>\n","protected":false},"excerpt":{"rendered":"<p>BOGOT\u00c1, 30 abr (Xinhua) &#8212; El Ministerio de Relaciones Exteriores de Colombia conden\u00f3 este jueves&#8230;<\/p>\n","protected":false},"author":1,"featured_media":0,"comment_status":"closed","ping_status":"closed","sticky":false,"template":"","format":"standard","meta":{"footnotes":""},"categories":[2],"tags":[],"class_list":["post-52261","post","type-post","status-publish","format-standard","hentry","category-internacional"],"_links":{"self":[{"href":"https:\/\/informadorweb.com\/index.php?rest_route=\/wp\/v2\/posts\/52261","targetHints":{"allow":["GET"]}}],"collection":[{"href":"https:\/\/informadorweb.com\/index.php?rest_route=\/wp\/v2\/posts"}],"about":[{"href":"https:\/\/informadorweb.com\/index.php?rest_route=\/wp\/v2\/types\/post"}],"author":[{"embeddable":true,"href":"https:\/\/informadorweb.com\/index.php?rest_route=\/wp\/v2\/users\/1"}],"replies":[{"embeddable":true,"href":"https:\/\/informadorweb.com\/index.php?rest_route=%2Fwp%2Fv2%2Fcomments&post=52261"}],"version-history":[{"count":1,"href":"https:\/\/informadorweb.com\/index.php?rest_route=\/wp\/v2\/posts\/52261\/revisions"}],"predecessor-version":[{"id":52262,"href":"https:\/\/informadorweb.com\/index.php?rest_route=\/wp\/v2\/posts\/52261\/revisions\/52262"}],"wp:attachment":[{"href":"https:\/\/informadorweb.com\/index.php?rest_route=%2Fwp%2Fv2%2Fmedia&parent=52261"}],"wp:term":[{"taxonomy":"category","embeddable":true,"href":"https:\/\/informadorweb.com\/index.php?rest_route=%2Fwp%2Fv2%2Fcategories&post=52261"},{"taxonomy":"post_tag","embeddable":true,"href":"https:\/\/informadorweb.com\/index.php?rest_route=%2Fwp%2Fv2%2Ftags&post=52261"}],"curies":[{"name":"wp","href":"https:\/\/api.w.org\/{rel}","templated":true}]}}