{"id":52253,"date":"2026-04-30T23:12:05","date_gmt":"2026-05-01T05:12:05","guid":{"rendered":"https:\/\/informadorweb.com\/?p=52253"},"modified":"2026-05-01T05:12:06","modified_gmt":"2026-05-01T05:12:06","slug":"especial-uruguay-redefine-proteccion-social-con-ejes-en-infancia-y-jubilacion-flexible","status":"publish","type":"post","link":"https:\/\/informadorweb.com\/?p=52253","title":{"rendered":"Especial: Uruguay redefine protecci\u00f3n social con ejes en infancia y jubilaci\u00f3n flexible"},"content":{"rendered":"<p>Por Gerardo Laborde MONTEVIDEO, 30 abr (Xinhua) &#8212; El Gobierno del presidente uruguayo, Yamand\u00fa Orsi, present\u00f3 las bases para una reforma de la seguridad social en Uruguay tras meses de di\u00e1logo social, con propuestas que van desde una jubilaci\u00f3n anticipada opcional a los 60 a\u00f1os hasta un redise\u00f1o de las transferencias a la infancia. Esa iniciativa se da en un escenario desafiante para el pa\u00eds sudamericano a nivel demogr\u00e1fico y social, con un envejecimiento acelerado y persistente pobreza infantil. El documento \u00abOrientaciones para transformar la protecci\u00f3n social\u00bb, divulgado el mi\u00e9rcoles, sintetiz\u00f3 acuerdos y disensos de un proceso que involucr\u00f3 a sindicatos, empresarios, acad\u00e9micos y organizaciones sociales y que el Ejecutivo define como una hoja de ruta m\u00e1s que un plan cerrado. El texto advierte que Uruguay enfrenta tensiones estructurales derivadas del cambio demogr\u00e1fico, con una poblaci\u00f3n que envejece r\u00e1pidamente y una ca\u00edda sostenida de la natalidad, al tiempo que casi uno de cada tres menores vive en hogares bajo la l\u00ednea de pobreza. Entre 2024 y 2070, los mayores de 64 a\u00f1os pasar\u00edan de 16 a 33 por ciento de la poblaci\u00f3n, mientras los menores de 15 a\u00f1os bajar\u00edan de 18 a 11 por ciento. La relaci\u00f3n entre poblaci\u00f3n inactiva y activa en tanto pasar\u00eda de 5 cada 10 a 8 cada 10. En ese marco, el gobierno propone avanzar hacia un sistema integrado bajo una \u00abperspectiva de curso de vida\u00bb y plantea la creaci\u00f3n de un esquema \u00fanico de transferencias para ni\u00f1os y adolescentes vulnerables, que unifique programas existentes. La iniciativa tambi\u00e9n incluye eliminar ciertas condicionalidades para acceder a prestaciones, como la asistencia a la escuela, una idea que gener\u00f3 cuestionamientos de c\u00e1maras empresariales y sectores opositores, que optaron por no participar de la instancia ejecutiva del di\u00e1logo. En el plano previsional, Orsi descart\u00f3 estatizar las administradoras privadas (AFAP) y ratific\u00f3 el esquema mixto de tres pilares, aunque con ajustes para mejorar la eficiencia y el v\u00ednculo con los afiliados. Como novedad, el Ejecutivo promover\u00e1 una jubilaci\u00f3n anticipada opcional desde los 60 a\u00f1os, manteniendo la edad general en 65, con condiciones diferenciadas seg\u00fan ingresos y trayectorias laborales. Para los trabajadores de menores ingresos, se prev\u00e9 un suplemento que garantice prestaciones no inferiores a las vigentes antes de la reforma de 2023, mientras que para el resto el retiro temprano tendr\u00eda menores tasas de reemplazo. El coordinador del Di\u00e1logo Social, Hugo Bai, explic\u00f3 que sobre la edad de jubilaci\u00f3n el gobierno toma como base \u00abla necesidad de considerar las desigualdades\u00bb y \u00ablas diferentes trayectorias laborales con las que las personas llegan al momento del retiro\u00bb. El documento subray\u00f3 que \u00abla protecci\u00f3n social no puede ser concebida como un conjunto de pol\u00edticas sectoriales aisladas\u00bb y advirti\u00f3 que los cambios requerir\u00e1n consensos de largo plazo y gradualidad, en un pa\u00eds donde la relaci\u00f3n entre poblaci\u00f3n activa e inactiva seguir\u00e1 deterior\u00e1ndose en las pr\u00f3ximas d\u00e9cadas. Fin<\/p>\n","protected":false},"excerpt":{"rendered":"<p>Por Gerardo Laborde MONTEVIDEO, 30 abr (Xinhua) &#8212; El Gobierno del presidente uruguayo, Yamand\u00fa Orsi,&#8230;<\/p>\n","protected":false},"author":1,"featured_media":0,"comment_status":"closed","ping_status":"closed","sticky":false,"template":"","format":"standard","meta":{"footnotes":""},"categories":[2],"tags":[],"class_list":["post-52253","post","type-post","status-publish","format-standard","hentry","category-internacional"],"_links":{"self":[{"href":"https:\/\/informadorweb.com\/index.php?rest_route=\/wp\/v2\/posts\/52253","targetHints":{"allow":["GET"]}}],"collection":[{"href":"https:\/\/informadorweb.com\/index.php?rest_route=\/wp\/v2\/posts"}],"about":[{"href":"https:\/\/informadorweb.com\/index.php?rest_route=\/wp\/v2\/types\/post"}],"author":[{"embeddable":true,"href":"https:\/\/informadorweb.com\/index.php?rest_route=\/wp\/v2\/users\/1"}],"replies":[{"embeddable":true,"href":"https:\/\/informadorweb.com\/index.php?rest_route=%2Fwp%2Fv2%2Fcomments&post=52253"}],"version-history":[{"count":1,"href":"https:\/\/informadorweb.com\/index.php?rest_route=\/wp\/v2\/posts\/52253\/revisions"}],"predecessor-version":[{"id":52254,"href":"https:\/\/informadorweb.com\/index.php?rest_route=\/wp\/v2\/posts\/52253\/revisions\/52254"}],"wp:attachment":[{"href":"https:\/\/informadorweb.com\/index.php?rest_route=%2Fwp%2Fv2%2Fmedia&parent=52253"}],"wp:term":[{"taxonomy":"category","embeddable":true,"href":"https:\/\/informadorweb.com\/index.php?rest_route=%2Fwp%2Fv2%2Fcategories&post=52253"},{"taxonomy":"post_tag","embeddable":true,"href":"https:\/\/informadorweb.com\/index.php?rest_route=%2Fwp%2Fv2%2Ftags&post=52253"}],"curies":[{"name":"wp","href":"https:\/\/api.w.org\/{rel}","templated":true}]}}