{"id":52245,"date":"2026-04-30T23:10:52","date_gmt":"2026-05-01T05:10:52","guid":{"rendered":"https:\/\/informadorweb.com\/?p=52245"},"modified":"2026-05-01T05:10:53","modified_gmt":"2026-05-01T05:10:53","slug":"china-critica-declaraciones-de-politicos-japoneses-sobre-taiwan-de-china","status":"publish","type":"post","link":"https:\/\/informadorweb.com\/?p=52245","title":{"rendered":"China critica declaraciones de pol\u00edticos japoneses sobre Taiwan de China"},"content":{"rendered":"<p>BEIJING, 30 abr (Xinhua) &#8212; El portavoz del Ministerio de Relaciones Exteriores de China Lin Jian critic\u00f3 hoy jueves a ciertos pol\u00edticos japoneses por sus declaraciones sobre la regi\u00f3n de Taiwan tras el fallido intento del l\u00edder taiwan\u00e9s Lai Ching-te de visitar Esuatini. Seg\u00fan reportes de prensa, algunos pol\u00edticos japoneses convocaron a una reuni\u00f3n en la Dieta y planeaban presentar una declaraci\u00f3n al Gobierno japon\u00e9s luego de la cancelaci\u00f3n del viaje de Lai Ching-te, de ideolog\u00eda secesionista, a Esuatini, el \u00fanico supuesto \u00abaliado diplom\u00e1tico\u00bb de Taiwan en \u00c1frica, debido a que varios pa\u00edses africanos le negaron el derecho de sobrevuelo. La declaraci\u00f3n se\u00f1ala que la independencia diplom\u00e1tica de cualquier pa\u00eds debe no ser socavada por ninguna coacci\u00f3n. Asimismo, exige que el Gobierno japon\u00e9s desempe\u00f1e un papel positivo en la protecci\u00f3n del libre entorno de intercambios entre los taiwaneses y sus llamados socios democr\u00e1ticos. Cuando se le pregunt\u00f3 sobre una cuesti\u00f3n relacionada durante una conferencia de prensa habitual, Lin afirm\u00f3 que s\u00f3lo existe una China en el mundo. Taiwan es una parte inalienable del territorio chino. El principio de una sola China es un consenso generalizado de la comunidad internacional, se\u00f1al\u00f3. La parte japonesa no debe olvidar que la Declaraci\u00f3n Conjunta Chino-Japonesa de 1972 establece que \u00abEl Gobierno de Jap\u00f3n reconoce al Gobierno de la Rep\u00fablica Popular China como el \u00fanico Gobierno leg\u00edtimo de China\u00bb, dijo Lin. El Tratado de Paz y Amistad entre China y Jap\u00f3n de 1978, ratificado por los \u00f3rganos legislativos de ambos pa\u00edses, reafirm\u00f3 que los principios establecidos en la Declaraci\u00f3n Conjunta de 1972 deben observarse estrictamente. Desde que ambos pa\u00edses normalizaron sus relaciones, el Gobierno japon\u00e9s ha declarado en numerosas ocasiones que la cuesti\u00f3n de Taiwan es un asunto interno de China, a\u00f1adi\u00f3 Lin. \u00abSe trata de obligaciones legales que Jap\u00f3n debe cumplir y compromisos pol\u00edticos que debe respetar\u00bb, afirm\u00f3. Fin<\/p>\n","protected":false},"excerpt":{"rendered":"<p>BEIJING, 30 abr (Xinhua) &#8212; El portavoz del Ministerio de Relaciones Exteriores de China Lin&#8230;<\/p>\n","protected":false},"author":1,"featured_media":0,"comment_status":"closed","ping_status":"closed","sticky":false,"template":"","format":"standard","meta":{"footnotes":""},"categories":[2],"tags":[],"class_list":["post-52245","post","type-post","status-publish","format-standard","hentry","category-internacional"],"_links":{"self":[{"href":"https:\/\/informadorweb.com\/index.php?rest_route=\/wp\/v2\/posts\/52245","targetHints":{"allow":["GET"]}}],"collection":[{"href":"https:\/\/informadorweb.com\/index.php?rest_route=\/wp\/v2\/posts"}],"about":[{"href":"https:\/\/informadorweb.com\/index.php?rest_route=\/wp\/v2\/types\/post"}],"author":[{"embeddable":true,"href":"https:\/\/informadorweb.com\/index.php?rest_route=\/wp\/v2\/users\/1"}],"replies":[{"embeddable":true,"href":"https:\/\/informadorweb.com\/index.php?rest_route=%2Fwp%2Fv2%2Fcomments&post=52245"}],"version-history":[{"count":1,"href":"https:\/\/informadorweb.com\/index.php?rest_route=\/wp\/v2\/posts\/52245\/revisions"}],"predecessor-version":[{"id":52246,"href":"https:\/\/informadorweb.com\/index.php?rest_route=\/wp\/v2\/posts\/52245\/revisions\/52246"}],"wp:attachment":[{"href":"https:\/\/informadorweb.com\/index.php?rest_route=%2Fwp%2Fv2%2Fmedia&parent=52245"}],"wp:term":[{"taxonomy":"category","embeddable":true,"href":"https:\/\/informadorweb.com\/index.php?rest_route=%2Fwp%2Fv2%2Fcategories&post=52245"},{"taxonomy":"post_tag","embeddable":true,"href":"https:\/\/informadorweb.com\/index.php?rest_route=%2Fwp%2Fv2%2Ftags&post=52245"}],"curies":[{"name":"wp","href":"https:\/\/api.w.org\/{rel}","templated":true}]}}