{"id":52233,"date":"2026-04-30T23:09:00","date_gmt":"2026-05-01T05:09:00","guid":{"rendered":"https:\/\/informadorweb.com\/?p=52233"},"modified":"2026-05-01T05:09:01","modified_gmt":"2026-05-01T05:09:01","slug":"ampliacion-ministro-de-defensa-israeli-dice-que-israel-podria-reanudar-pronto-ataques-contra-iran","status":"publish","type":"post","link":"https:\/\/informadorweb.com\/?p=52233","title":{"rendered":"Ampliaci\u00f3n: Ministro de Defensa israel\u00ed dice que Israel podr\u00eda reanudar \u00abpronto\u00bb ataques contra Ir\u00e1n"},"content":{"rendered":"<p>JERUSAL\u00c9N, 30 abr (Xinhua) &#8212; El ministro de Defensa israel\u00ed, Israel Katz, dijo hoy jueves que Israel \u00abpodr\u00eda tener que reanudar pronto la acci\u00f3n militar contra Ir\u00e1n\u00bb. Durante una ceremonia militar, Katz indic\u00f3 que Israel apoya las negociaciones entre Estados Unidos e Ir\u00e1n sobre un posible acuerdo, pero que pronto podr\u00eda verse obligado a reanudar los ataques para garantizar su seguridad. \u00abIr\u00e1n ha sufrido golpes sumamente duros a lo largo del \u00faltimo a\u00f1o, golpes que le han hecho retroceder a\u00f1os en todos los \u00e1mbitos\u00bb, afirm\u00f3. Israel continuar\u00eda su ofensiva contra Hizbul\u00e1 en L\u00edbano \u00abtal como hicimos en Gaza\u00bb, se\u00f1al\u00f3, y afirm\u00f3 que el ej\u00e9rcito actuar\u00e1 para destruir toda la infraestructura de los milicianos en lo que denomina la \u00abl\u00ednea amarilla\u00bb, una zona de amortiguaci\u00f3n declarada por Israel a lo largo de la frontera que se extiende hasta el r\u00edo Litani. Las fuerzas israel\u00edes permanecen desplegadas en el sur de L\u00edbano, realizando ataques diarios a pesar del alto al fuego temporal que entr\u00f3 en vigor a principios de este mes. Para establecer la zona de amortiguaci\u00f3n, las tropas han demolido edificios en localidades y aldeas libanesas a lo largo de la zona fronteriza, provocando el desplazamiento de los residentes. Fin<\/p>\n","protected":false},"excerpt":{"rendered":"<p>JERUSAL\u00c9N, 30 abr (Xinhua) &#8212; El ministro de Defensa israel\u00ed, Israel Katz, dijo hoy jueves&#8230;<\/p>\n","protected":false},"author":1,"featured_media":0,"comment_status":"closed","ping_status":"closed","sticky":false,"template":"","format":"standard","meta":{"footnotes":""},"categories":[2],"tags":[],"class_list":["post-52233","post","type-post","status-publish","format-standard","hentry","category-internacional"],"_links":{"self":[{"href":"https:\/\/informadorweb.com\/index.php?rest_route=\/wp\/v2\/posts\/52233","targetHints":{"allow":["GET"]}}],"collection":[{"href":"https:\/\/informadorweb.com\/index.php?rest_route=\/wp\/v2\/posts"}],"about":[{"href":"https:\/\/informadorweb.com\/index.php?rest_route=\/wp\/v2\/types\/post"}],"author":[{"embeddable":true,"href":"https:\/\/informadorweb.com\/index.php?rest_route=\/wp\/v2\/users\/1"}],"replies":[{"embeddable":true,"href":"https:\/\/informadorweb.com\/index.php?rest_route=%2Fwp%2Fv2%2Fcomments&post=52233"}],"version-history":[{"count":1,"href":"https:\/\/informadorweb.com\/index.php?rest_route=\/wp\/v2\/posts\/52233\/revisions"}],"predecessor-version":[{"id":52234,"href":"https:\/\/informadorweb.com\/index.php?rest_route=\/wp\/v2\/posts\/52233\/revisions\/52234"}],"wp:attachment":[{"href":"https:\/\/informadorweb.com\/index.php?rest_route=%2Fwp%2Fv2%2Fmedia&parent=52233"}],"wp:term":[{"taxonomy":"category","embeddable":true,"href":"https:\/\/informadorweb.com\/index.php?rest_route=%2Fwp%2Fv2%2Fcategories&post=52233"},{"taxonomy":"post_tag","embeddable":true,"href":"https:\/\/informadorweb.com\/index.php?rest_route=%2Fwp%2Fv2%2Ftags&post=52233"}],"curies":[{"name":"wp","href":"https:\/\/api.w.org\/{rel}","templated":true}]}}