{"id":52227,"date":"2026-04-30T23:08:05","date_gmt":"2026-05-01T05:08:05","guid":{"rendered":"https:\/\/informadorweb.com\/?p=52227"},"modified":"2026-05-01T05:08:06","modified_gmt":"2026-05-01T05:08:06","slug":"alemania-esta-preparada-para-amenaza-de-trump-de-retirar-tropas-dice-ministro-del-exterior","status":"publish","type":"post","link":"https:\/\/informadorweb.com\/?p=52227","title":{"rendered":"Alemania est\u00e1 preparada para amenaza de Trump de retirar tropas, dice ministro del Exterior"},"content":{"rendered":"<p>BERL\u00cdN, 30 abr (Xinhua) &#8212; Alemania est\u00e1 preparada para el anuncio del presidente de Estados Unidos, Donald Trump, de que est\u00e1 considerando reducir la presencia de tropas estadounidenses en el pa\u00eds, dijo hoy jueves el ministro de Relaciones Exteriores alem\u00e1n, Johann Wadephul. Tales decisiones deben ser \u00abdiscutidas con nosotros y con otros, como es propio entre aliados y socios\u00bb, expres\u00f3 Wadephul a la Agencia de Prensa Alemana, y a\u00f1adi\u00f3 que Berl\u00edn est\u00e1 esperando las decisiones de Estados Unidos. Wadephul describi\u00f3 a las declaraciones de Trump como \u00abel anuncio de una revisi\u00f3n\u00bb, y esto no es nada nuevo. \u00abVeo esto con serenidad\u00bb, agreg\u00f3. Tambi\u00e9n indic\u00f3 que los dichos de Trump no ponen en duda los principales emplazamientos militares de Estados Unidos en Alemania, incluida la base a\u00e9rea de Ramstein, y subray\u00f3 que desempe\u00f1an un papel insustituible tanto para Estados Unidos como para Alemania. Trump dijo el mi\u00e9rcoles en redes sociales que Estados Unidos est\u00e1 estudiando y revisando una posible reducci\u00f3n de tropas en Alemania. En d\u00edas recientes, Trump y el canciller alem\u00e1n, Friedrich Merz, se criticaron mutuamente por la guerra en Ir\u00e1n. Merz expres\u00f3 un punto de vista negativo respecto a Estados Unidos por su involucramiento militar \u00absin planes\u00bb en Ir\u00e1n, y expres\u00f3 que Estados Unidos \u00abest\u00e1 siendo humillado por el liderazgo iran\u00ed\u00bb. Fin<\/p>\n","protected":false},"excerpt":{"rendered":"<p>BERL\u00cdN, 30 abr (Xinhua) &#8212; Alemania est\u00e1 preparada para el anuncio del presidente de Estados&#8230;<\/p>\n","protected":false},"author":1,"featured_media":0,"comment_status":"closed","ping_status":"closed","sticky":false,"template":"","format":"standard","meta":{"footnotes":""},"categories":[2],"tags":[],"class_list":["post-52227","post","type-post","status-publish","format-standard","hentry","category-internacional"],"_links":{"self":[{"href":"https:\/\/informadorweb.com\/index.php?rest_route=\/wp\/v2\/posts\/52227","targetHints":{"allow":["GET"]}}],"collection":[{"href":"https:\/\/informadorweb.com\/index.php?rest_route=\/wp\/v2\/posts"}],"about":[{"href":"https:\/\/informadorweb.com\/index.php?rest_route=\/wp\/v2\/types\/post"}],"author":[{"embeddable":true,"href":"https:\/\/informadorweb.com\/index.php?rest_route=\/wp\/v2\/users\/1"}],"replies":[{"embeddable":true,"href":"https:\/\/informadorweb.com\/index.php?rest_route=%2Fwp%2Fv2%2Fcomments&post=52227"}],"version-history":[{"count":1,"href":"https:\/\/informadorweb.com\/index.php?rest_route=\/wp\/v2\/posts\/52227\/revisions"}],"predecessor-version":[{"id":52228,"href":"https:\/\/informadorweb.com\/index.php?rest_route=\/wp\/v2\/posts\/52227\/revisions\/52228"}],"wp:attachment":[{"href":"https:\/\/informadorweb.com\/index.php?rest_route=%2Fwp%2Fv2%2Fmedia&parent=52227"}],"wp:term":[{"taxonomy":"category","embeddable":true,"href":"https:\/\/informadorweb.com\/index.php?rest_route=%2Fwp%2Fv2%2Fcategories&post=52227"},{"taxonomy":"post_tag","embeddable":true,"href":"https:\/\/informadorweb.com\/index.php?rest_route=%2Fwp%2Fv2%2Ftags&post=52227"}],"curies":[{"name":"wp","href":"https:\/\/api.w.org\/{rel}","templated":true}]}}