{"id":52219,"date":"2026-04-30T23:07:01","date_gmt":"2026-05-01T05:07:01","guid":{"rendered":"https:\/\/informadorweb.com\/?p=52219"},"modified":"2026-05-01T05:07:02","modified_gmt":"2026-05-01T05:07:02","slug":"ampliacion-exconsejera-de-estado-de-myanmar-aung-san-suu-kyi-se-trasladara-a-residencia-designada-para-cumplir-resto-de-sentencia","status":"publish","type":"post","link":"https:\/\/informadorweb.com\/?p=52219","title":{"rendered":"Ampliaci\u00f3n: Exconsejera de Estado de Myanmar Aung San Suu Kyi se trasladar\u00e1 a residencia designada para cumplir resto de sentencia"},"content":{"rendered":"<p>YANG\u00d3N, 30 abr (Xinhua) &#8212; La exconsejera de Estado de Myanmar Aung San Suu Kyi recibi\u00f3 autorizaci\u00f3n hoy jueves para trasladarse de una prisi\u00f3n a una residencia que le fue designada donde cumplir\u00e1 el resto de su sentencia, inform\u00f3 la estatal Radio y Televisi\u00f3n de Myanmar (MRTV). De acuerdo con el reporte, el presidente de Myanmar, U Min Aung Hlaing, orden\u00f3 el cambio del sitio de reclusi\u00f3n de Aung San Suu Kyi de conformidad con las disposiciones correspondientes de la ley penal. La decisi\u00f3n fue tomada con motivo del D\u00eda de Buda y por razones humanitarias, as\u00ed como por la buena voluntad del Estado, precis\u00f3 el reporte. Fin<\/p>\n","protected":false},"excerpt":{"rendered":"<p>YANG\u00d3N, 30 abr (Xinhua) &#8212; La exconsejera de Estado de Myanmar Aung San Suu Kyi&#8230;<\/p>\n","protected":false},"author":1,"featured_media":0,"comment_status":"closed","ping_status":"closed","sticky":false,"template":"","format":"standard","meta":{"footnotes":""},"categories":[2],"tags":[],"class_list":["post-52219","post","type-post","status-publish","format-standard","hentry","category-internacional"],"_links":{"self":[{"href":"https:\/\/informadorweb.com\/index.php?rest_route=\/wp\/v2\/posts\/52219","targetHints":{"allow":["GET"]}}],"collection":[{"href":"https:\/\/informadorweb.com\/index.php?rest_route=\/wp\/v2\/posts"}],"about":[{"href":"https:\/\/informadorweb.com\/index.php?rest_route=\/wp\/v2\/types\/post"}],"author":[{"embeddable":true,"href":"https:\/\/informadorweb.com\/index.php?rest_route=\/wp\/v2\/users\/1"}],"replies":[{"embeddable":true,"href":"https:\/\/informadorweb.com\/index.php?rest_route=%2Fwp%2Fv2%2Fcomments&post=52219"}],"version-history":[{"count":1,"href":"https:\/\/informadorweb.com\/index.php?rest_route=\/wp\/v2\/posts\/52219\/revisions"}],"predecessor-version":[{"id":52220,"href":"https:\/\/informadorweb.com\/index.php?rest_route=\/wp\/v2\/posts\/52219\/revisions\/52220"}],"wp:attachment":[{"href":"https:\/\/informadorweb.com\/index.php?rest_route=%2Fwp%2Fv2%2Fmedia&parent=52219"}],"wp:term":[{"taxonomy":"category","embeddable":true,"href":"https:\/\/informadorweb.com\/index.php?rest_route=%2Fwp%2Fv2%2Fcategories&post=52219"},{"taxonomy":"post_tag","embeddable":true,"href":"https:\/\/informadorweb.com\/index.php?rest_route=%2Fwp%2Fv2%2Ftags&post=52219"}],"curies":[{"name":"wp","href":"https:\/\/api.w.org\/{rel}","templated":true}]}}