{"id":52217,"date":"2026-04-30T23:06:44","date_gmt":"2026-05-01T05:06:44","guid":{"rendered":"https:\/\/informadorweb.com\/?p=52217"},"modified":"2026-05-01T05:06:45","modified_gmt":"2026-05-01T05:06:45","slug":"acciones-de-japon-para-restablecer-rangos-militares-de-segunda-guerra-mundial-lastiman-a-victimas-y-violan-normas-dice-portavoz-de-cancilleria-china","status":"publish","type":"post","link":"https:\/\/informadorweb.com\/?p=52217","title":{"rendered":"Acciones de Jap\u00f3n para restablecer rangos militares de Segunda Guerra Mundial lastiman a v\u00edctimas y violan normas, dice portavoz de canciller\u00eda china"},"content":{"rendered":"<p>BEIJING, 30 abr (Xinhua) &#8212; La reciente acci\u00f3n de Jap\u00f3n para restablecer los rangos militares de la Segunda Guerra Mundial por un \u00absentido del honor\u00bb constituye una violaci\u00f3n de las normas existentes desde hace mucho tiempo e instaurar\u00e1 una percepci\u00f3n err\u00f3nea, y esto tambi\u00e9n intensificar\u00e1 las heridas de las v\u00edctimas de guerra de Jap\u00f3n, dijo hoy jueves el portavoz de la canciller\u00eda de China, Lin Jian. Lin hizo estas declaraciones en una conferencia de prensa regular cuando se le pidi\u00f3 comentar la medida. Se inform\u00f3 que Jap\u00f3n decidi\u00f3 un plan para revisar los t\u00edtulos de rango de las Fuerzas de Autodefensa (FAD) y tiene la intenci\u00f3n de presentar este a\u00f1o un proyecto de ley ante la Dieta (Parlamento). La revisi\u00f3n incluye revivir los t\u00edtulos de rangos militares de la Segunda Guerra Mundial, como \u00abtaisho\u00bb y \u00abtaisa\u00bb. Un alto cargo del Gobierno japon\u00e9s dijo que la medida tiene como objetivo crear un entorno de trabajo con un sentido del honor y atraer y retener a los miembros de las FAD. Lin indic\u00f3 que despu\u00e9s de la Segunda Guerra Mundial, como naci\u00f3n derrotada, se le pidi\u00f3 a Jap\u00f3n que desarmara sus fuerzas militares y desmantelara su maquinaria de guerra. Varios a\u00f1os despu\u00e9s, en 1954, al establecer las FAD, Jap\u00f3n opt\u00f3 por nombrar los rangos utilizando n\u00fameros y dej\u00f3 de usar los de estilo militar utilizados en el antiguo ej\u00e9rcito, a\u00f1adi\u00f3. Lin se\u00f1al\u00f3 que muchos japoneses creen que al adoptar un sistema de rangos de estilo no militar, Jap\u00f3n pretend\u00eda hacer un corte claro con el ej\u00e9rcito de la \u00e9poca de la guerra de conformidad con el esp\u00edritu de la Constituci\u00f3n pacifista. \u00abEsto demuestra que los t\u00edtulos de rango no son en absoluto una cuesti\u00f3n meramente t\u00e9cnica para Jap\u00f3n\u00bb, subray\u00f3 Lin. Mencion\u00f3 que en los \u00faltimos a\u00f1os, sin embargo, Jap\u00f3n ha estado presionando por una pol\u00edtica de defensa m\u00e1s ofensiva, expansionista y peligrosa y ha roto su libro de reglas \u00abpacifista\u00bb. \u00abNo podemos sino preguntar: \u00bfSigue Jap\u00f3n sumido en el sue\u00f1o de revivir el militarismo? \u00bfEn qu\u00e9 se basa exactamente este &#8216;sentido del honor&#8217;?\u00bb, pregunt\u00f3 Lin. El auge del neomilitarismo en Jap\u00f3n representa una amenaza real para la paz y la estabilidad mundiales, indic\u00f3 Lin, y agreg\u00f3 que el pueblo chino, junto con cualquier persona en el mundo que defienda la justicia, debe mantenerse en alerta m\u00e1xima y salvaguardar firmemente el resultado de la victoria de la Segunda Guerra Mundial para que las tragedias de la historia no se repitan. Fin<\/p>\n","protected":false},"excerpt":{"rendered":"<p>BEIJING, 30 abr (Xinhua) &#8212; La reciente acci\u00f3n de Jap\u00f3n para restablecer los rangos militares&#8230;<\/p>\n","protected":false},"author":1,"featured_media":0,"comment_status":"closed","ping_status":"closed","sticky":false,"template":"","format":"standard","meta":{"footnotes":""},"categories":[2],"tags":[],"class_list":["post-52217","post","type-post","status-publish","format-standard","hentry","category-internacional"],"_links":{"self":[{"href":"https:\/\/informadorweb.com\/index.php?rest_route=\/wp\/v2\/posts\/52217","targetHints":{"allow":["GET"]}}],"collection":[{"href":"https:\/\/informadorweb.com\/index.php?rest_route=\/wp\/v2\/posts"}],"about":[{"href":"https:\/\/informadorweb.com\/index.php?rest_route=\/wp\/v2\/types\/post"}],"author":[{"embeddable":true,"href":"https:\/\/informadorweb.com\/index.php?rest_route=\/wp\/v2\/users\/1"}],"replies":[{"embeddable":true,"href":"https:\/\/informadorweb.com\/index.php?rest_route=%2Fwp%2Fv2%2Fcomments&post=52217"}],"version-history":[{"count":1,"href":"https:\/\/informadorweb.com\/index.php?rest_route=\/wp\/v2\/posts\/52217\/revisions"}],"predecessor-version":[{"id":52218,"href":"https:\/\/informadorweb.com\/index.php?rest_route=\/wp\/v2\/posts\/52217\/revisions\/52218"}],"wp:attachment":[{"href":"https:\/\/informadorweb.com\/index.php?rest_route=%2Fwp%2Fv2%2Fmedia&parent=52217"}],"wp:term":[{"taxonomy":"category","embeddable":true,"href":"https:\/\/informadorweb.com\/index.php?rest_route=%2Fwp%2Fv2%2Fcategories&post=52217"},{"taxonomy":"post_tag","embeddable":true,"href":"https:\/\/informadorweb.com\/index.php?rest_route=%2Fwp%2Fv2%2Ftags&post=52217"}],"curies":[{"name":"wp","href":"https:\/\/api.w.org\/{rel}","templated":true}]}}