{"id":52201,"date":"2026-04-30T23:04:08","date_gmt":"2026-05-01T05:04:08","guid":{"rendered":"https:\/\/informadorweb.com\/?p=52201"},"modified":"2026-05-01T05:04:09","modified_gmt":"2026-05-01T05:04:09","slug":"ampliacion-lider-supremo-de-iran-dice-que-eeuu-no-tiene-cabida-en-futuro-brillante-del-golfo","status":"publish","type":"post","link":"https:\/\/informadorweb.com\/?p=52201","title":{"rendered":"Ampliaci\u00f3n: L\u00edder supremo de Ir\u00e1n dice que EEUU no tiene cabida en \u00abfuturo brillante\u00bb del Golfo"},"content":{"rendered":"<div class=\"el-scrollbar__wrap\">\n<div class=\"el-scrollbar__view\">\n<div class=\"news-content\" data-v-e79c3ee4=\"\">TEHER\u00c1N, 30 abr (Xinhua) &#8212; El l\u00edder supremo de Ir\u00e1n, Mojtaba Jamenei, afirm\u00f3 hoy jueves que el \u00abfuturo brillante\u00bb del Golfo no tendr\u00e1 presencia estadounidense y estar\u00e1 al servicio del progreso, la tranquilidad y el bienestar de las naciones de la regi\u00f3n. Jamenei hizo estas declaraciones en un mensaje con motivo del D\u00eda Nacional del Golfo P\u00e9rsico, en el que calific\u00f3 la v\u00eda navegable como una \u00abbendici\u00f3n divina sin paralelo\u00bb para Ir\u00e1n y los Estados musulmanes de la regi\u00f3n. Ir\u00e1n comparte un destino com\u00fan con sus vecinos en el Golfo y el golfo de Om\u00e1n, dijo, y a\u00f1adi\u00f3 que los extranjeros, \u00abque cometen vorazmente acciones maliciosas\u00bb en la regi\u00f3n, no tendr\u00e1n cabida en ella, \u00aba excepci\u00f3n de en el fondo de sus aguas\u00bb. Jamenei indic\u00f3 que la victoria contra Estados Unidos en las aguas regionales, que se logr\u00f3 con el apoyo de las medidas y pol\u00edticas del frente de resistencia y con la estrategia de un Ir\u00e1n \u00abfuerte\u00bb, ser\u00e1 el inicio de un nuevo orden en la regi\u00f3n y en el mundo. Subray\u00f3 que Ir\u00e1n, que tiene la l\u00ednea costera m\u00e1s extensa a lo largo del Golfo, ha hecho los mayores sacrificios para garantizar la independencia del cuerpo de agua y enfrentar a extranjeros y agresores a lo largo de la historia. Al se\u00f1alar que han transcurrido dos meses desde el comienzo de la \u00abmayor campa\u00f1a y agresi\u00f3n militares\u00bb de hostigadores mundiales en la regi\u00f3n, Jamenei dijo que un nuevo cap\u00edtulo en el Golfo y en el estrecho de Ormuz \u00abest\u00e1 tomando forma\u00bb luego de la \u00abignominiosa\u00bb derrota del plan de Estados Unidos contra Ir\u00e1n y la regi\u00f3n. Elogi\u00f3 a las fuerzas navales de Ir\u00e1n por su \u00abfortaleza, vigilancia y luchas\u00bb contra Estados Unidos e Israel durante la guerra de 40 d\u00edas, subrayando que la presencia y la \u00abanidaci\u00f3n\u00bb de Estados Unidos en territorios de los Estados del Golfo es ampliamente considerada como \u00abla causa m\u00e1s importante\u00bb de inseguridad en la regi\u00f3n, donde Estados Unidos y sus bases son incapaces de garantizar su propia seguridad. Jamenei expres\u00f3 su confianza en que el pueblo iran\u00ed proteger\u00e1 sus activos nacionales, incluida la identidad, la espiritualidad y las capacidades nucleares y misiles del pa\u00eds, como lo hacen con sus fronteras mar\u00edtimas, terrestres y a\u00e9reas. Subray\u00f3 que a trav\u00e9s de su gesti\u00f3n del estrecho de Ormuz, Ir\u00e1n garantizar\u00e1 la seguridad regional y eliminar\u00e1 los \u00ababusos del enemigo hostil\u00bb, generando comodidad, progreso y beneficios econ\u00f3micos a todas las naciones de la regi\u00f3n. Fin<\/div>\n<\/div>\n<\/div>\n<div class=\"el-scrollbar__bar is-horizontal\"><\/div>\n","protected":false},"excerpt":{"rendered":"<p>TEHER\u00c1N, 30 abr (Xinhua) &#8212; El l\u00edder supremo de Ir\u00e1n, Mojtaba Jamenei, afirm\u00f3 hoy jueves&#8230;<\/p>\n","protected":false},"author":1,"featured_media":0,"comment_status":"closed","ping_status":"closed","sticky":false,"template":"","format":"standard","meta":{"footnotes":""},"categories":[2],"tags":[],"class_list":["post-52201","post","type-post","status-publish","format-standard","hentry","category-internacional"],"_links":{"self":[{"href":"https:\/\/informadorweb.com\/index.php?rest_route=\/wp\/v2\/posts\/52201","targetHints":{"allow":["GET"]}}],"collection":[{"href":"https:\/\/informadorweb.com\/index.php?rest_route=\/wp\/v2\/posts"}],"about":[{"href":"https:\/\/informadorweb.com\/index.php?rest_route=\/wp\/v2\/types\/post"}],"author":[{"embeddable":true,"href":"https:\/\/informadorweb.com\/index.php?rest_route=\/wp\/v2\/users\/1"}],"replies":[{"embeddable":true,"href":"https:\/\/informadorweb.com\/index.php?rest_route=%2Fwp%2Fv2%2Fcomments&post=52201"}],"version-history":[{"count":1,"href":"https:\/\/informadorweb.com\/index.php?rest_route=\/wp\/v2\/posts\/52201\/revisions"}],"predecessor-version":[{"id":52202,"href":"https:\/\/informadorweb.com\/index.php?rest_route=\/wp\/v2\/posts\/52201\/revisions\/52202"}],"wp:attachment":[{"href":"https:\/\/informadorweb.com\/index.php?rest_route=%2Fwp%2Fv2%2Fmedia&parent=52201"}],"wp:term":[{"taxonomy":"category","embeddable":true,"href":"https:\/\/informadorweb.com\/index.php?rest_route=%2Fwp%2Fv2%2Fcategories&post=52201"},{"taxonomy":"post_tag","embeddable":true,"href":"https:\/\/informadorweb.com\/index.php?rest_route=%2Fwp%2Fv2%2Ftags&post=52201"}],"curies":[{"name":"wp","href":"https:\/\/api.w.org\/{rel}","templated":true}]}}