{"id":51687,"date":"2026-04-30T12:45:18","date_gmt":"2026-04-30T18:45:18","guid":{"rendered":"https:\/\/informadorweb.com\/?p=51687"},"modified":"2026-04-30T18:45:21","modified_gmt":"2026-04-30T18:45:21","slug":"petro-destaca-liderazgo-de-sheinbaum-en-temas-como-el-desafio-frente-al-cambio-climatico","status":"publish","type":"post","link":"https:\/\/informadorweb.com\/?p=51687","title":{"rendered":"Petro destaca liderazgo de Sheinbaum en temas como el desaf\u00edo frente al cambio clim\u00e1tico"},"content":{"rendered":"<p>BOGOT\u00c1, 29 abr (Xinhua) &#8212; El presidente colombiano, Gustavo Petro, destac\u00f3 el liderazgo de su hom\u00f3loga mexicana, Claudia Sheinbaum, en temas como el desaf\u00edo frente al cambio clim\u00e1tico y se\u00f1al\u00f3 que es un aspecto con el que se siente identificado, al presentar el mi\u00e9rcoles en la Feria Internacional del Libro de Bogot\u00e1 (FilBo) el libro \u00abDiario de una transici\u00f3n hist\u00f3rica\u00bb, de la mandataria mexicana. El jefe de Estado colombiano resalt\u00f3 la importancia del texto escrito por Sheinbaum, primera mujer en ocupar la presidencia en M\u00e9xico, como testimonio de un proceso hist\u00f3rico de cambios en su pa\u00eds y en Am\u00e9rica Latina que sigue en marcha. \u00abEn el ambiente de hoy en Am\u00e9rica Latina, quiz\u00e1s los dos movimientos que mejor pregonan estas ideas, fuera de los movimientos ind\u00edgenas, son Claudia con su partido Morena en su gobierno y el Gobierno de Colombia actual\u00bb, opin\u00f3. \u00abHay que testimoniar, sea uno mismo o sean otros, pero hay que escribir de esta \u00e9poca y analizarla y profundizar, porque esto queda a la generaci\u00f3n actual\u00bb, agreg\u00f3. Durante el encuentro, Petro tambi\u00e9n consider\u00f3 necesario que m\u00e1s mandatarios compartan sus experiencias progresistas desde las particularidades de cada pa\u00eds. Asimismo, se\u00f1al\u00f3 que el \u00e9xito del progresismo en la actualidad radica en comprender que es el pueblo quien toma sus propias decisiones y en no aferrarse al poder. Fin<\/p>\n","protected":false},"excerpt":{"rendered":"<p>BOGOT\u00c1, 29 abr (Xinhua) &#8212; El presidente colombiano, Gustavo Petro, destac\u00f3 el liderazgo de su&#8230;<\/p>\n","protected":false},"author":1,"featured_media":0,"comment_status":"closed","ping_status":"closed","sticky":false,"template":"","format":"standard","meta":{"footnotes":""},"categories":[2],"tags":[],"class_list":["post-51687","post","type-post","status-publish","format-standard","hentry","category-internacional"],"_links":{"self":[{"href":"https:\/\/informadorweb.com\/index.php?rest_route=\/wp\/v2\/posts\/51687","targetHints":{"allow":["GET"]}}],"collection":[{"href":"https:\/\/informadorweb.com\/index.php?rest_route=\/wp\/v2\/posts"}],"about":[{"href":"https:\/\/informadorweb.com\/index.php?rest_route=\/wp\/v2\/types\/post"}],"author":[{"embeddable":true,"href":"https:\/\/informadorweb.com\/index.php?rest_route=\/wp\/v2\/users\/1"}],"replies":[{"embeddable":true,"href":"https:\/\/informadorweb.com\/index.php?rest_route=%2Fwp%2Fv2%2Fcomments&post=51687"}],"version-history":[{"count":1,"href":"https:\/\/informadorweb.com\/index.php?rest_route=\/wp\/v2\/posts\/51687\/revisions"}],"predecessor-version":[{"id":51688,"href":"https:\/\/informadorweb.com\/index.php?rest_route=\/wp\/v2\/posts\/51687\/revisions\/51688"}],"wp:attachment":[{"href":"https:\/\/informadorweb.com\/index.php?rest_route=%2Fwp%2Fv2%2Fmedia&parent=51687"}],"wp:term":[{"taxonomy":"category","embeddable":true,"href":"https:\/\/informadorweb.com\/index.php?rest_route=%2Fwp%2Fv2%2Fcategories&post=51687"},{"taxonomy":"post_tag","embeddable":true,"href":"https:\/\/informadorweb.com\/index.php?rest_route=%2Fwp%2Fv2%2Ftags&post=51687"}],"curies":[{"name":"wp","href":"https:\/\/api.w.org\/{rel}","templated":true}]}}