{"id":51669,"date":"2026-04-30T12:42:04","date_gmt":"2026-04-30T18:42:04","guid":{"rendered":"https:\/\/informadorweb.com\/?p=51669"},"modified":"2026-04-30T18:42:05","modified_gmt":"2026-04-30T18:42:05","slug":"especial-informalidad-laboral-persiste-en-argentina-ante-un-crecimiento-desigual-de-la-actividad-economica-segun-experto","status":"publish","type":"post","link":"https:\/\/informadorweb.com\/?p=51669","title":{"rendered":"Especial: Informalidad laboral persiste en Argentina ante un crecimiento desigual de la actividad econ\u00f3mica, seg\u00fan experto"},"content":{"rendered":"<p>BUENOS AIRES, 29 abr (Xinhua) &#8212; La evoluci\u00f3n de la informalidad en Argentina as\u00ed como del desempleo est\u00e1n estrechamente vinculadas al comportamiento de la actividad econ\u00f3mica y, en particular, a su composici\u00f3n, explic\u00f3 a Xinhua el economista Guido Zack. \u00abHay un crecimiento a dos velocidades que se est\u00e1 dando en la econom\u00eda argentina, con desempe\u00f1os buenos en sectores como miner\u00eda, hidrocarburos, el complejo agroexportador y servicios financieros, y una ca\u00edda fuerte en sectores como industria, construcci\u00f3n y comercio, que son los principales generadores de empleo\u00bb, sostuvo. Hasta finales de 2025, la tasa de empleo informal de Argentina alcanz\u00f3 el 43 por ciento de los trabajadores, de acuerdo con datos oficiales, con mayor incidencia en mujeres y j\u00f3venes y una fuerte concentraci\u00f3n en sectores como el servicio dom\u00e9stico, la construcci\u00f3n y el comercio. Seg\u00fan el Instituto Interdisciplinario de Econom\u00eda Pol\u00edtica (IIEP), de doble dependencia entre la Universidad de Buenos Aires (UBA) y el Consejo Nacional de Investigaciones Cient\u00edficas y T\u00e9cnicas (Conicet), la persistencia de este fen\u00f3meno no es nueva, destac\u00e1ndose que la tasa de informalidad asalariada se ha mantenido elevada en los \u00faltimos 17 a\u00f1os. En paralelo, un monitor reciente del centro de investigaci\u00f3n Fundar indic\u00f3 que, desde 2023 m\u00e1s de 24.000 empresas dejaron de operar en Argentina, mientras que datos del Ministerio de Capital Humano se\u00f1alan que hasta el tercer trimestre de 2025 se hab\u00edan perdido aproximadamente 186.000 empleos asalariados registrados del sector privado. Zack, director del \u00e1rea de Econom\u00eda de Fundar, remarc\u00f3 que los sectores que crecen actualmente no son intensivos en empleo, mientras que los que caen son los que m\u00e1s trabajo generan, todo lo cual contribuye a explicar el deterioro en la calidad del empleo, una din\u00e1mica que tiene efectos directos sobre la reinserci\u00f3n laboral de los trabajadores. \u00abLas personas que pierden su empleo suelen reinsertarse en trabajos informales o como independientes, muchas veces en plataformas, que tambi\u00e9n son formas de empleo informal\u00bb, se\u00f1al\u00f3 Zack. De acuerdo con el entrevistado, es en este contexto que el avance de las econom\u00edas de plataforma y del trabajo independiente informal aparecen como una de las principales v\u00edas de absorci\u00f3n laboral. Ante la reciente aprobaci\u00f3n de la reforma laboral en Argentina, Zack explic\u00f3 que los cambios normativos, por s\u00ed solos, no alcanzan para modificar la din\u00e1mica del empleo, en un contexto econ\u00f3mico que a\u00fan no muestra se\u00f1ales claras de expansi\u00f3n. Cristian Bol\u00edvar, de 29 a\u00f1os, trabajador en la ciudad de La Plata, relat\u00f3 a Xinhua su experiencia tras varios a\u00f1os desempe\u00f1\u00e1ndose en distintas ocupaciones. \u00abLlevo trabajando en el sector gastron\u00f3mico aproximadamente cinco a\u00f1os. Lo que me llev\u00f3 a trabajar en este sector fue la facilidad de ingreso que hab\u00eda en su momento. He estado en otros sectores durante este tiempo, pero \u00e9ste ha sido el lugar en el que m\u00e1s tiempo he permanecido; nunca he tenido un empleo registrado\u00bb, coment\u00f3 Bol\u00edvar. Incluso entre quienes cuentan con empleo registrado, los ingresos no siempre resultan suficientes, lo que impulsa la b\u00fasqueda de actividades complementarias por fuera de su trabajo principal. Carolina Mart\u00ednez, de 38 a\u00f1os, trabaja en una empresa de log\u00edstica y, en paralelo, comenz\u00f3 a generar ingresos adicionales para contar con mayor margen frente a sus gastos cotidianos. \u00abEmpec\u00e9 a sentir que necesitaba sumar un ingreso extra para estar m\u00e1s tranquila, por eso comenc\u00e9 a brindar servicios de transporte mediante aplicaciones con mi veh\u00edculo, por las tardes y los fines de semana. Al principio era algo espor\u00e1dico, pero hoy se volvi\u00f3 bastante habitual\u00bb, refiri\u00f3 Mart\u00ednez. Fin<\/p>\n","protected":false},"excerpt":{"rendered":"<p>BUENOS AIRES, 29 abr (Xinhua) &#8212; La evoluci\u00f3n de la informalidad en Argentina as\u00ed como&#8230;<\/p>\n","protected":false},"author":1,"featured_media":0,"comment_status":"closed","ping_status":"closed","sticky":false,"template":"","format":"standard","meta":{"footnotes":""},"categories":[2],"tags":[],"class_list":["post-51669","post","type-post","status-publish","format-standard","hentry","category-internacional"],"_links":{"self":[{"href":"https:\/\/informadorweb.com\/index.php?rest_route=\/wp\/v2\/posts\/51669","targetHints":{"allow":["GET"]}}],"collection":[{"href":"https:\/\/informadorweb.com\/index.php?rest_route=\/wp\/v2\/posts"}],"about":[{"href":"https:\/\/informadorweb.com\/index.php?rest_route=\/wp\/v2\/types\/post"}],"author":[{"embeddable":true,"href":"https:\/\/informadorweb.com\/index.php?rest_route=\/wp\/v2\/users\/1"}],"replies":[{"embeddable":true,"href":"https:\/\/informadorweb.com\/index.php?rest_route=%2Fwp%2Fv2%2Fcomments&post=51669"}],"version-history":[{"count":1,"href":"https:\/\/informadorweb.com\/index.php?rest_route=\/wp\/v2\/posts\/51669\/revisions"}],"predecessor-version":[{"id":51670,"href":"https:\/\/informadorweb.com\/index.php?rest_route=\/wp\/v2\/posts\/51669\/revisions\/51670"}],"wp:attachment":[{"href":"https:\/\/informadorweb.com\/index.php?rest_route=%2Fwp%2Fv2%2Fmedia&parent=51669"}],"wp:term":[{"taxonomy":"category","embeddable":true,"href":"https:\/\/informadorweb.com\/index.php?rest_route=%2Fwp%2Fv2%2Fcategories&post=51669"},{"taxonomy":"post_tag","embeddable":true,"href":"https:\/\/informadorweb.com\/index.php?rest_route=%2Fwp%2Fv2%2Ftags&post=51669"}],"curies":[{"name":"wp","href":"https:\/\/api.w.org\/{rel}","templated":true}]}}