{"id":51663,"date":"2026-04-30T12:41:12","date_gmt":"2026-04-30T18:41:12","guid":{"rendered":"https:\/\/informadorweb.com\/?p=51663"},"modified":"2026-04-30T18:41:13","modified_gmt":"2026-04-30T18:41:13","slug":"fiscalia-mexicana-inicia-investigacion-tras-peticiones-de-extradicion-de-ee-uu-contra-funcionarios","status":"publish","type":"post","link":"https:\/\/informadorweb.com\/?p=51663","title":{"rendered":"Fiscal\u00eda mexicana inicia investigaci\u00f3n tras peticiones de extradici\u00f3n de EE. UU. contra funcionarios"},"content":{"rendered":"<p>M\u00c9XICO, 29 abr (Xinhua) &#8212; La Fiscal\u00eda General de la Rep\u00fablica (FGR) de M\u00e9xico anunci\u00f3 hoy mi\u00e9rcoles que dio inicio a una investigaci\u00f3n y an\u00e1lisis de las solicitudes de detenci\u00f3n con fines de extradici\u00f3n presentadas por el Gobierno de Estados Unidos contra funcionarios del estado mexicano de Sinaloa. \u00abLa Fiscal\u00eda General de la Rep\u00fablica iniciar\u00e1 una investigaci\u00f3n para allegarse de toda la informaci\u00f3n necesaria para conocer si existen datos de prueba que establezcan la probabilidad de que la acusaci\u00f3n hecha por las autoridades estadounidenses cuente con el fundamento legal para solicitar \u00f3rdenes de aprehensi\u00f3n\u00bb, precis\u00f3 el vocero de la FGR, Ulises Lara L\u00f3pez. En un mensaje a medios, el tambi\u00e9n fiscal especial en Investigaci\u00f3n de Asuntos Relevantes se\u00f1al\u00f3 que, para solicitar una orden de aprehensi\u00f3n en M\u00e9xico, se requiere presentar datos de prueba que infieran la posibilidad de que una persona haya cometido un delito. Aclar\u00f3 que solo se conceder\u00e1 la extradici\u00f3n si se determina que las pruebas son suficientes conforme a las leyes mexicanas. Adem\u00e1s, el representante de la FGR precis\u00f3 que la actual solicitud por parte de Estados Unidos \u00abno se acompa\u00f1a de elementos probatorios suficientes que aporten evidencias contundentes respecto de los hechos narrados\u00bb. En la misma jornada, la Canciller\u00eda mexicana se\u00f1al\u00f3 que enviar\u00e1 un extra\u00f1amiento diplom\u00e1tico a la representaci\u00f3n de Estados Unidos por la divulgaci\u00f3n p\u00fablica de este caso, al considerar que los tratados vigentes establecen disposiciones espec\u00edficas de confidencialidad. Estos anuncios ocurren luego de que la Fiscal\u00eda Federal del Distrito Sur de Nueva York, Estados Unidos, presentara acusaciones por narcotr\u00e1fico, armas y presuntos v\u00ednculos con el C\u00e1rtel de Sinaloa contra el gobernador sinaloense, Rub\u00e9n Rocha Moya, y otros funcionarios y exfuncionarios estatales. Fin<\/p>\n","protected":false},"excerpt":{"rendered":"<p>M\u00c9XICO, 29 abr (Xinhua) &#8212; La Fiscal\u00eda General de la Rep\u00fablica (FGR) de M\u00e9xico anunci\u00f3&#8230;<\/p>\n","protected":false},"author":1,"featured_media":0,"comment_status":"closed","ping_status":"closed","sticky":false,"template":"","format":"standard","meta":{"footnotes":""},"categories":[7],"tags":[],"class_list":["post-51663","post","type-post","status-publish","format-standard","hentry","category-nacional"],"_links":{"self":[{"href":"https:\/\/informadorweb.com\/index.php?rest_route=\/wp\/v2\/posts\/51663","targetHints":{"allow":["GET"]}}],"collection":[{"href":"https:\/\/informadorweb.com\/index.php?rest_route=\/wp\/v2\/posts"}],"about":[{"href":"https:\/\/informadorweb.com\/index.php?rest_route=\/wp\/v2\/types\/post"}],"author":[{"embeddable":true,"href":"https:\/\/informadorweb.com\/index.php?rest_route=\/wp\/v2\/users\/1"}],"replies":[{"embeddable":true,"href":"https:\/\/informadorweb.com\/index.php?rest_route=%2Fwp%2Fv2%2Fcomments&post=51663"}],"version-history":[{"count":1,"href":"https:\/\/informadorweb.com\/index.php?rest_route=\/wp\/v2\/posts\/51663\/revisions"}],"predecessor-version":[{"id":51664,"href":"https:\/\/informadorweb.com\/index.php?rest_route=\/wp\/v2\/posts\/51663\/revisions\/51664"}],"wp:attachment":[{"href":"https:\/\/informadorweb.com\/index.php?rest_route=%2Fwp%2Fv2%2Fmedia&parent=51663"}],"wp:term":[{"taxonomy":"category","embeddable":true,"href":"https:\/\/informadorweb.com\/index.php?rest_route=%2Fwp%2Fv2%2Fcategories&post=51663"},{"taxonomy":"post_tag","embeddable":true,"href":"https:\/\/informadorweb.com\/index.php?rest_route=%2Fwp%2Fv2%2Ftags&post=51663"}],"curies":[{"name":"wp","href":"https:\/\/api.w.org\/{rel}","templated":true}]}}