{"id":51649,"date":"2026-04-30T12:38:49","date_gmt":"2026-04-30T18:38:49","guid":{"rendered":"https:\/\/informadorweb.com\/?p=51649"},"modified":"2026-04-30T18:38:50","modified_gmt":"2026-04-30T18:38:50","slug":"trump-evalua-una-reduccion-de-tropas-en-alemania-tras-cruce-con-friedrich-merz","status":"publish","type":"post","link":"https:\/\/informadorweb.com\/?p=51649","title":{"rendered":"Trump eval\u00faa una reducci\u00f3n de tropas en Alemania tras cruce con Friedrich Merz"},"content":{"rendered":"<p>WASHINGTON\/BERL\u00cdN, 29 abr (Xinhua) &#8212; El presidente de Estados Unidos, Donald Trump, afirm\u00f3 el mi\u00e9rcoles que su pa\u00eds est\u00e1 estudiando y revisando una posible reducci\u00f3n de tropas en Alemania. En una publicaci\u00f3n en Truth Social, Trump se\u00f1al\u00f3 que la decisi\u00f3n se tomar\u00e1 en un corto per\u00edodo de tiempo. En los \u00faltimos d\u00edas, Trump y el canciller alem\u00e1n, Friedrich Merz, intercambiaron cr\u00edticas a ra\u00edz de la guerra en Ir\u00e1n. Merz cuestion\u00f3 la participaci\u00f3n militar de Estados Unidos por considerarla \u00abcarente de planificaci\u00f3n\u00bb y sostuvo que el pa\u00eds \u00abest\u00e1 siendo humillado por el liderazgo iran\u00ed\u00bb. En respuesta, Trump escribi\u00f3 el martes en redes sociales que Merz \u00abno sabe de lo que est\u00e1 hablando\u00bb y que es indiferente frente a las ambiciones nucleares de Ir\u00e1n. El mi\u00e9rcoles, Merz intent\u00f3 restar importancia al cruce de declaraciones, al afirmar que su relaci\u00f3n personal con el presidente estadounidense sigue siendo buena. Durante una conferencia de prensa en Berl\u00edn, Merz asegur\u00f3 que ambos se mantienen \u00aben buenos t\u00e9rminos de di\u00e1logo\u00bb, y agreg\u00f3 que desde el inicio ten\u00eda dudas sobre las acciones emprendidas en la guerra. Asimismo, Merz pidi\u00f3 una pronta resoluci\u00f3n de los conflictos en Ir\u00e1n, al se\u00f1alar que Alemania y Europa est\u00e1n sufriendo considerablemente las consecuencias de la situaci\u00f3n. Fin<\/p>\n","protected":false},"excerpt":{"rendered":"<p>WASHINGTON\/BERL\u00cdN, 29 abr (Xinhua) &#8212; El presidente de Estados Unidos, Donald Trump, afirm\u00f3 el mi\u00e9rcoles&#8230;<\/p>\n","protected":false},"author":1,"featured_media":0,"comment_status":"closed","ping_status":"closed","sticky":false,"template":"","format":"standard","meta":{"footnotes":""},"categories":[2],"tags":[],"class_list":["post-51649","post","type-post","status-publish","format-standard","hentry","category-internacional"],"_links":{"self":[{"href":"https:\/\/informadorweb.com\/index.php?rest_route=\/wp\/v2\/posts\/51649","targetHints":{"allow":["GET"]}}],"collection":[{"href":"https:\/\/informadorweb.com\/index.php?rest_route=\/wp\/v2\/posts"}],"about":[{"href":"https:\/\/informadorweb.com\/index.php?rest_route=\/wp\/v2\/types\/post"}],"author":[{"embeddable":true,"href":"https:\/\/informadorweb.com\/index.php?rest_route=\/wp\/v2\/users\/1"}],"replies":[{"embeddable":true,"href":"https:\/\/informadorweb.com\/index.php?rest_route=%2Fwp%2Fv2%2Fcomments&post=51649"}],"version-history":[{"count":1,"href":"https:\/\/informadorweb.com\/index.php?rest_route=\/wp\/v2\/posts\/51649\/revisions"}],"predecessor-version":[{"id":51650,"href":"https:\/\/informadorweb.com\/index.php?rest_route=\/wp\/v2\/posts\/51649\/revisions\/51650"}],"wp:attachment":[{"href":"https:\/\/informadorweb.com\/index.php?rest_route=%2Fwp%2Fv2%2Fmedia&parent=51649"}],"wp:term":[{"taxonomy":"category","embeddable":true,"href":"https:\/\/informadorweb.com\/index.php?rest_route=%2Fwp%2Fv2%2Fcategories&post=51649"},{"taxonomy":"post_tag","embeddable":true,"href":"https:\/\/informadorweb.com\/index.php?rest_route=%2Fwp%2Fv2%2Ftags&post=51649"}],"curies":[{"name":"wp","href":"https:\/\/api.w.org\/{rel}","templated":true}]}}