{"id":51645,"date":"2026-04-30T12:36:55","date_gmt":"2026-04-30T18:36:55","guid":{"rendered":"https:\/\/informadorweb.com\/?p=51645"},"modified":"2026-04-30T18:36:56","modified_gmt":"2026-04-30T18:36:56","slug":"brasil-reafirma-su-compromiso-con-el-multilateralismo-y-la-paz","status":"publish","type":"post","link":"https:\/\/informadorweb.com\/?p=51645","title":{"rendered":"Brasil reafirma su compromiso con el multilateralismo y la paz"},"content":{"rendered":"<p>R\u00cdO DE JANEIRO, 29 abr (Xinhua) &#8212; El vicepresidente de Brasil, Geraldo Alckmin, afirm\u00f3 hoy que el pa\u00eds debe reforzar su compromiso con el multilateralismo, el di\u00e1logo y la promoci\u00f3n de la paz en un contexto internacional marcado por crecientes tensiones, durante la conmemoraci\u00f3n del D\u00eda del Diplom\u00e1tico en el Palacio de Itamaraty, en Brasilia. En la ceremonia, que incluy\u00f3 la entrega de condecoraciones de la Orden de R\u00edo Branco y la graduaci\u00f3n de nuevos diplom\u00e1ticos del Instituto R\u00edo Branco, Alckmin subray\u00f3 que la diplomacia brasile\u00f1a tiene la responsabilidad de defender la soberan\u00eda nacional y los intereses del pa\u00eds tanto dentro como fuera de sus fronteras. \u00abEl deber de todo diplom\u00e1tico es defender la soberan\u00eda de forma l\u00facida y altiva, siempre al servicio de los intereses de Brasil y de los brasile\u00f1os\u00bb, se\u00f1al\u00f3 el vicepresidente, al destacar el papel estrat\u00e9gico del cuerpo diplom\u00e1tico en un escenario global de incertidumbre. Alckmin advirti\u00f3 que el mundo enfrenta una fase de inestabilidad caracterizada por conflictos armados, debilitamiento de instituciones multilaterales y aumento del proteccionismo, lo que, a su juicio, exige una acci\u00f3n diplom\u00e1tica m\u00e1s activa y coordinada. En este sentido, inst\u00f3 a los nuevos diplom\u00e1ticos a trabajar por la reconstrucci\u00f3n del entendimiento internacional. \u00abEl mundo vive una fragmentaci\u00f3n creciente. Es necesario promover la uni\u00f3n entre los pa\u00edses, reforzar la cooperaci\u00f3n y reafirmar valores basados en el respeto mutuo y las reglas internacionales\u00bb, afirm\u00f3. El vicepresidente tambi\u00e9n destac\u00f3 los esfuerzos recientes del Gobierno brasile\u00f1o por reposicionar al pa\u00eds en el escenario global, mencionando la participaci\u00f3n activa en foros internacionales como el G20, el BRICS y la pr\u00f3xima Conferencia de las Naciones Unidas sobre el Cambio Clim\u00e1tico (COP30), as\u00ed como iniciativas como la Alianza Global contra el Hambre y la Pobreza. En temas estrat\u00e9gicos de defensa y seguridad, se\u00f1al\u00f3 que la actual coyuntura internacional, incluida la tensi\u00f3n en Oriente Medio y el impacto en rutas mar\u00edtimas como el estrecho de Ormuz, pone de relieve la importancia de fortalecer las capacidades de defensa del pa\u00eds. En materia econ\u00f3mica, reiter\u00f3 el compromiso del Gobierno con la apertura comercial basada en reglas, destacando la reciente promulgaci\u00f3n del acuerdo entre el Mercosur y la Uni\u00f3n Europea por parte del presidente Luiz In\u00e1cio Lula da Silva. El vicepresidente concluy\u00f3 su discurso destacando que, pese a las tensiones internacionales, es posible avanzar hacia consensos basados en el di\u00e1logo y el respeto mutuo, principios que, seg\u00fan dijo, deben guiar la acci\u00f3n diplom\u00e1tica de Brasil en los pr\u00f3ximos a\u00f1os. Fin<\/p>\n","protected":false},"excerpt":{"rendered":"<p>R\u00cdO DE JANEIRO, 29 abr (Xinhua) &#8212; El vicepresidente de Brasil, Geraldo Alckmin, afirm\u00f3 hoy&#8230;<\/p>\n","protected":false},"author":1,"featured_media":0,"comment_status":"closed","ping_status":"closed","sticky":false,"template":"","format":"standard","meta":{"footnotes":""},"categories":[2],"tags":[],"class_list":["post-51645","post","type-post","status-publish","format-standard","hentry","category-internacional"],"_links":{"self":[{"href":"https:\/\/informadorweb.com\/index.php?rest_route=\/wp\/v2\/posts\/51645","targetHints":{"allow":["GET"]}}],"collection":[{"href":"https:\/\/informadorweb.com\/index.php?rest_route=\/wp\/v2\/posts"}],"about":[{"href":"https:\/\/informadorweb.com\/index.php?rest_route=\/wp\/v2\/types\/post"}],"author":[{"embeddable":true,"href":"https:\/\/informadorweb.com\/index.php?rest_route=\/wp\/v2\/users\/1"}],"replies":[{"embeddable":true,"href":"https:\/\/informadorweb.com\/index.php?rest_route=%2Fwp%2Fv2%2Fcomments&post=51645"}],"version-history":[{"count":1,"href":"https:\/\/informadorweb.com\/index.php?rest_route=\/wp\/v2\/posts\/51645\/revisions"}],"predecessor-version":[{"id":51646,"href":"https:\/\/informadorweb.com\/index.php?rest_route=\/wp\/v2\/posts\/51645\/revisions\/51646"}],"wp:attachment":[{"href":"https:\/\/informadorweb.com\/index.php?rest_route=%2Fwp%2Fv2%2Fmedia&parent=51645"}],"wp:term":[{"taxonomy":"category","embeddable":true,"href":"https:\/\/informadorweb.com\/index.php?rest_route=%2Fwp%2Fv2%2Fcategories&post=51645"},{"taxonomy":"post_tag","embeddable":true,"href":"https:\/\/informadorweb.com\/index.php?rest_route=%2Fwp%2Fv2%2Ftags&post=51645"}],"curies":[{"name":"wp","href":"https:\/\/api.w.org\/{rel}","templated":true}]}}