{"id":51627,"date":"2026-04-30T12:34:01","date_gmt":"2026-04-30T18:34:01","guid":{"rendered":"https:\/\/informadorweb.com\/?p=51627"},"modified":"2026-04-30T18:34:02","modified_gmt":"2026-04-30T18:34:02","slug":"desfile-de-dia-de-la-victoria-en-moscu-se-realizara-sin-equipo-militar-dice-kremlin","status":"publish","type":"post","link":"https:\/\/informadorweb.com\/?p=51627","title":{"rendered":"Desfile de D\u00eda de la Victoria en Mosc\u00fa se realizar\u00e1 sin equipo militar, dice Kremlin"},"content":{"rendered":"<p>MOSC\u00da, 29 abr (Xinhua) &#8212; Mosc\u00fa realizar\u00e1 el 9 de mayo el desfile por el D\u00eda de la Victoria de este a\u00f1o sin equipo militar \u00abdebido a las actividades terroristas de Kiev\u00bb, indic\u00f3 hoy mi\u00e9rcoles el vocero del Kremlin, Dmitry Peskov. Debido a la amenaza, se reforzar\u00e1n las medidas de seguridad en el desfile de este a\u00f1o, dijo Peskov. \u00abLos riesgos de amenazas terroristas est\u00e1n creciendo\u00bb, advirti\u00f3 el martes el presidente ruso Vladimir Putin en una reuni\u00f3n gubernamental, y a\u00f1adi\u00f3 que las estructuras terroristas internacionales, as\u00ed como los grupos radicales y de extremistas, contin\u00faan con sus actividades subversivas. El lunes, el Servicio Federal de Seguridad de Rusia dijo que dos agentes de Kiev murieron en un tiroteo cuando intentaban causar una explosi\u00f3n en una refiner\u00eda en la Rep\u00fablica de Komi. Fin<\/p>\n","protected":false},"excerpt":{"rendered":"<p>MOSC\u00da, 29 abr (Xinhua) &#8212; Mosc\u00fa realizar\u00e1 el 9 de mayo el desfile por el&#8230;<\/p>\n","protected":false},"author":1,"featured_media":0,"comment_status":"closed","ping_status":"closed","sticky":false,"template":"","format":"standard","meta":{"footnotes":""},"categories":[2],"tags":[],"class_list":["post-51627","post","type-post","status-publish","format-standard","hentry","category-internacional"],"_links":{"self":[{"href":"https:\/\/informadorweb.com\/index.php?rest_route=\/wp\/v2\/posts\/51627","targetHints":{"allow":["GET"]}}],"collection":[{"href":"https:\/\/informadorweb.com\/index.php?rest_route=\/wp\/v2\/posts"}],"about":[{"href":"https:\/\/informadorweb.com\/index.php?rest_route=\/wp\/v2\/types\/post"}],"author":[{"embeddable":true,"href":"https:\/\/informadorweb.com\/index.php?rest_route=\/wp\/v2\/users\/1"}],"replies":[{"embeddable":true,"href":"https:\/\/informadorweb.com\/index.php?rest_route=%2Fwp%2Fv2%2Fcomments&post=51627"}],"version-history":[{"count":1,"href":"https:\/\/informadorweb.com\/index.php?rest_route=\/wp\/v2\/posts\/51627\/revisions"}],"predecessor-version":[{"id":51628,"href":"https:\/\/informadorweb.com\/index.php?rest_route=\/wp\/v2\/posts\/51627\/revisions\/51628"}],"wp:attachment":[{"href":"https:\/\/informadorweb.com\/index.php?rest_route=%2Fwp%2Fv2%2Fmedia&parent=51627"}],"wp:term":[{"taxonomy":"category","embeddable":true,"href":"https:\/\/informadorweb.com\/index.php?rest_route=%2Fwp%2Fv2%2Fcategories&post=51627"},{"taxonomy":"post_tag","embeddable":true,"href":"https:\/\/informadorweb.com\/index.php?rest_route=%2Fwp%2Fv2%2Ftags&post=51627"}],"curies":[{"name":"wp","href":"https:\/\/api.w.org\/{rel}","templated":true}]}}