{"id":51621,"date":"2026-04-30T12:33:10","date_gmt":"2026-04-30T18:33:10","guid":{"rendered":"https:\/\/informadorweb.com\/?p=51621"},"modified":"2026-04-30T18:33:11","modified_gmt":"2026-04-30T18:33:11","slug":"brasil-redujo-42-la-perdida-de-bosques-tropicales-en-2025","status":"publish","type":"post","link":"https:\/\/informadorweb.com\/?p=51621","title":{"rendered":"Brasil redujo 42 % la p\u00e9rdida de bosques tropicales en 2025"},"content":{"rendered":"<div class=\"el-scrollbar__wrap\">\n<div class=\"el-scrollbar__view\">\n<div class=\"news-content\" data-v-e79c3ee4=\"\">R\u00cdO DE JANEIRO, 29 abr (Xinhua) &#8212; Brasil redujo 42 por ciento la p\u00e9rdida de cobertura arb\u00f3rea en bosques tropicales h\u00famedos el a\u00f1o pasado, en comparaci\u00f3n con el a\u00f1o anterior, seg\u00fan un informe divulgado hoy mi\u00e9rcoles por la organizaci\u00f3n ambiental \u00abWorld Resources Institute\u00bb (WRI). De acuerdo con el estudio, el pa\u00eds perdi\u00f3 1,6 millones de hect\u00e1reas de vegetaci\u00f3n forestal en 2025, el nivel m\u00e1s bajo desde el inicio de la serie en 2001 para las p\u00e9rdidas no relacionadas con incendios. La reducci\u00f3n fue particularmente significativa en las p\u00e9rdidas no vinculadas a incendios, que disminuyeron en un 41 por ciento frente a 2024, resultado atribuido principalmente a la reducci\u00f3n del desmonte, la tala rasa y otros factores como la muerte natural de la vegetaci\u00f3n. Entre los estados que registraron mayores reducciones destacan Amazonas, Mato Grosso, Mato Grosso do Sul, Acre y Roraima, que en conjunto concentraron m\u00e1s del 40 por ciento de la disminuci\u00f3n. En contraste, Maranh\u00e3o fue el \u00fanico estado donde se observ\u00f3 un aumento en la p\u00e9rdida de cobertura arb\u00f3rea. El informe, basado en datos del Laboratorio de An\u00e1lisis y Descubrimiento de Tierras Globales de la Universidad de Maryland de Estados Unidos y difundido a trav\u00e9s de la plataforma \u00abGlobal Forest Watch\u00bb, analiza la vegetaci\u00f3n primaria, es decir, \u00e1reas naturales con cobertura forestal original. Seg\u00fan Elizabeth Goldman, codirectora de \u00abGlobal Forest Watch\u00bb, los resultados est\u00e1n alineados con los datos del sistema oficial brasile\u00f1o de monitoreo, que tambi\u00e9n apunta a una reducci\u00f3n del desmonte en los principales biomas entre agosto de 2024 y julio de 2025. \u00abLa mayor\u00eda de los biomas registraron una reducci\u00f3n en la p\u00e9rdida de cobertura arb\u00f3rea, incluida la Caatinga, una regi\u00f3n de bosques secos en el noreste de Brasil\u00bb, afirm\u00f3 la especialista. Por su parte, la directora ejecutiva de WRI Brasil, Mirela Sandrini, destac\u00f3 que los avances fueron posibles gracias a la articulaci\u00f3n entre el Gobierno, la sociedad civil, la academia, las comunidades locales y el sector privado. Entre las medidas adoptadas figuran la intensificaci\u00f3n de la producci\u00f3n en \u00e1reas ya degradadas, la creaci\u00f3n de fondos para la preservaci\u00f3n forestal, incentivos fiscales para quienes conservan la vegetaci\u00f3n y programas de pago por servicios ambientales. De acuerdo con los especialistas, la reducci\u00f3n en la p\u00e9rdida de bosques tropicales brasile\u00f1os tuvo un impacto positivo en los resultados mundiales. En 2025, el planeta perdi\u00f3 4,3 millones de hect\u00e1reas de bosques tropicales h\u00famedos, lo que representa una ca\u00edda del 35 por ciento frente a 2024, cuando se alcanz\u00f3 un r\u00e9cord de 6,7 millones de hect\u00e1reas perdidas. No obstante, el informe alerta que la p\u00e9rdida de cobertura arb\u00f3rea asociada a incendios sigue siendo elevada y se mantiene como una de las principales amenazas para los ecosistemas forestales. Brasil represent\u00f3 m\u00e1s del 37 por ciento de la p\u00e9rdida global de cobertura arb\u00f3rea en 2025 en t\u00e9rminos absolutos, seguido por Bolivia y la Rep\u00fablica Democr\u00e1tica del Congo. Sin embargo, en t\u00e9rminos proporcionales al tama\u00f1o de los bosques, los mayores impactos se observaron en Bolivia y Madagascar. Pese a la mejora, los investigadores consideraron que los avances a\u00fan son insuficientes para cumplir con el compromiso internacional de detener y revertir la p\u00e9rdida de bosques para 2030, ya que el ritmo actual se sit\u00faa cerca de un 70 por ciento por encima de lo necesario. Fin<\/div>\n<\/div>\n<\/div>\n<div class=\"el-scrollbar__bar is-horizontal\"><\/div>\n","protected":false},"excerpt":{"rendered":"<p>R\u00cdO DE JANEIRO, 29 abr (Xinhua) &#8212; Brasil redujo 42 por ciento la p\u00e9rdida de&#8230;<\/p>\n","protected":false},"author":1,"featured_media":0,"comment_status":"closed","ping_status":"closed","sticky":false,"template":"","format":"standard","meta":{"footnotes":""},"categories":[2],"tags":[],"class_list":["post-51621","post","type-post","status-publish","format-standard","hentry","category-internacional"],"_links":{"self":[{"href":"https:\/\/informadorweb.com\/index.php?rest_route=\/wp\/v2\/posts\/51621","targetHints":{"allow":["GET"]}}],"collection":[{"href":"https:\/\/informadorweb.com\/index.php?rest_route=\/wp\/v2\/posts"}],"about":[{"href":"https:\/\/informadorweb.com\/index.php?rest_route=\/wp\/v2\/types\/post"}],"author":[{"embeddable":true,"href":"https:\/\/informadorweb.com\/index.php?rest_route=\/wp\/v2\/users\/1"}],"replies":[{"embeddable":true,"href":"https:\/\/informadorweb.com\/index.php?rest_route=%2Fwp%2Fv2%2Fcomments&post=51621"}],"version-history":[{"count":1,"href":"https:\/\/informadorweb.com\/index.php?rest_route=\/wp\/v2\/posts\/51621\/revisions"}],"predecessor-version":[{"id":51622,"href":"https:\/\/informadorweb.com\/index.php?rest_route=\/wp\/v2\/posts\/51621\/revisions\/51622"}],"wp:attachment":[{"href":"https:\/\/informadorweb.com\/index.php?rest_route=%2Fwp%2Fv2%2Fmedia&parent=51621"}],"wp:term":[{"taxonomy":"category","embeddable":true,"href":"https:\/\/informadorweb.com\/index.php?rest_route=%2Fwp%2Fv2%2Fcategories&post=51621"},{"taxonomy":"post_tag","embeddable":true,"href":"https:\/\/informadorweb.com\/index.php?rest_route=%2Fwp%2Fv2%2Ftags&post=51621"}],"curies":[{"name":"wp","href":"https:\/\/api.w.org\/{rel}","templated":true}]}}