{"id":51617,"date":"2026-04-30T12:32:31","date_gmt":"2026-04-30T18:32:31","guid":{"rendered":"https:\/\/informadorweb.com\/?p=51617"},"modified":"2026-04-30T18:32:33","modified_gmt":"2026-04-30T18:32:33","slug":"iranies-juran-lealtad-a-nuevo-lider-supremo-en-manifestaciones-masivas","status":"publish","type":"post","link":"https:\/\/informadorweb.com\/?p=51617","title":{"rendered":"Iran\u00edes juran lealtad a nuevo l\u00edder supremo en manifestaciones masivas"},"content":{"rendered":"<p>TEHER\u00c1N, 29 abr (Xinhua) &#8212; Decenas de miles de iran\u00edes salieron a las calles hoy mi\u00e9rcoles y se manifestaron de forma masiva en todo el pa\u00eds para jurar lealtad al l\u00edder supremo Mojtaba Jamenei y demostrar unidad nacional. Las manifestaciones, realizadas al mismo tiempo en diferentes ciudades en el natalicio del octavo im\u00e1n de los musulmanes chiitas im\u00e1n Reza, tuvieron lugar de las 16:00 hora local (12:30 GMT) a las 21:00. En la capital, Teher\u00e1n, las personas marcharon de la plaza Im\u00e1n Hossein a la plaza Azadi, ondeando banderas iran\u00edes y mostrando im\u00e1genes del l\u00edder supremo fallecido Ali Jamenei, quien muri\u00f3 a finales de febrero en un ataque de Estados Unidos e Israel, as\u00ed como im\u00e1genes del nuevo l\u00edder. Varios funcionarios, incluyendo el alcalde de Teher\u00e1n, Alireza Zakani, y el vocero del Consejo Constitucional de Ir\u00e1n, Hadi Tahan Naizf, se unieron a la multitud. Los participantes corearon consignas contra Estados Unidos e Israel y en apoyo a la dirigencia isl\u00e1mica iran\u00ed, y destacaron la necesidad de mantener la unidad nacional. Se estableci\u00f3 un pabell\u00f3n a lo largo de la ruta para conmemorar a los fallecidos en el ataque de Estados Unidos e Israel contra una escuela en la ciudad de Minab, en el sur de Ir\u00e1n, en el primero de los 40 d\u00edas de guerra contra Ir\u00e1n. El misil Kheibarshekan y el dron Shahed 136 de fabricaci\u00f3n iran\u00ed tambi\u00e9n fueron exhibidos durante la manifestaci\u00f3n en Teher\u00e1n. El 28 de febrero, Israel y Estados Unidos lanzaron ataques conjuntos contra Teher\u00e1n y otras ciudades iran\u00edes, en los cuales murieron el entonces l\u00edder supremo iran\u00ed Ali Jamenei, importantes comandantes y civiles. Ir\u00e1n respondi\u00f3 con una serie de ataques con misiles y drones contra activos israel\u00edes y estadounidenses en Medio Oriente. El 8 de abril se acord\u00f3 un cese al fuego entre las partes en conflicto. Fin<\/p>\n","protected":false},"excerpt":{"rendered":"<p>TEHER\u00c1N, 29 abr (Xinhua) &#8212; Decenas de miles de iran\u00edes salieron a las calles hoy&#8230;<\/p>\n","protected":false},"author":1,"featured_media":0,"comment_status":"closed","ping_status":"closed","sticky":false,"template":"","format":"standard","meta":{"footnotes":""},"categories":[2],"tags":[],"class_list":["post-51617","post","type-post","status-publish","format-standard","hentry","category-internacional"],"_links":{"self":[{"href":"https:\/\/informadorweb.com\/index.php?rest_route=\/wp\/v2\/posts\/51617","targetHints":{"allow":["GET"]}}],"collection":[{"href":"https:\/\/informadorweb.com\/index.php?rest_route=\/wp\/v2\/posts"}],"about":[{"href":"https:\/\/informadorweb.com\/index.php?rest_route=\/wp\/v2\/types\/post"}],"author":[{"embeddable":true,"href":"https:\/\/informadorweb.com\/index.php?rest_route=\/wp\/v2\/users\/1"}],"replies":[{"embeddable":true,"href":"https:\/\/informadorweb.com\/index.php?rest_route=%2Fwp%2Fv2%2Fcomments&post=51617"}],"version-history":[{"count":1,"href":"https:\/\/informadorweb.com\/index.php?rest_route=\/wp\/v2\/posts\/51617\/revisions"}],"predecessor-version":[{"id":51618,"href":"https:\/\/informadorweb.com\/index.php?rest_route=\/wp\/v2\/posts\/51617\/revisions\/51618"}],"wp:attachment":[{"href":"https:\/\/informadorweb.com\/index.php?rest_route=%2Fwp%2Fv2%2Fmedia&parent=51617"}],"wp:term":[{"taxonomy":"category","embeddable":true,"href":"https:\/\/informadorweb.com\/index.php?rest_route=%2Fwp%2Fv2%2Fcategories&post=51617"},{"taxonomy":"post_tag","embeddable":true,"href":"https:\/\/informadorweb.com\/index.php?rest_route=%2Fwp%2Fv2%2Ftags&post=51617"}],"curies":[{"name":"wp","href":"https:\/\/api.w.org\/{rel}","templated":true}]}}