{"id":51583,"date":"2026-04-30T12:26:29","date_gmt":"2026-04-30T18:26:29","guid":{"rendered":"https:\/\/informadorweb.com\/?p=51583"},"modified":"2026-04-30T18:26:30","modified_gmt":"2026-04-30T18:26:30","slug":"especial-mas-de-340-000-ninos-cubanos-seran-inmunizados-contra-la-poliomielitis","status":"publish","type":"post","link":"https:\/\/informadorweb.com\/?p=51583","title":{"rendered":"Especial: M\u00e1s de 340.000 ni\u00f1os cubanos ser\u00e1n inmunizados contra la poliomielitis"},"content":{"rendered":"<p>LA HABANA, 29 abr (Xinhua) &#8212; M\u00e1s de 340.000 ni\u00f1os ser\u00e1n vacunados contra la poliomielitis como parte de una campa\u00f1a nacional de inmunizaci\u00f3n puesta en marcha por el Ministerio de Salud P\u00fablica de Cuba (Minsap) desde el inicio de esta semana. La jefa del Programa Nacional de Inmunizaci\u00f3n y Vigilancia de Enfermedades Inmuno Prevenibles del Minsap, Daniuska Hern\u00e1ndez Gri\u00f1\u00e1n, inform\u00f3 a medios locales que 343.296 infantes ser\u00e1n inmunizados como parte de la 65 Campa\u00f1a Nacional de Vacunaci\u00f3n Antipoliomiel\u00edtica oral. El esquema de vacunaci\u00f3n contempla dos dosis orales en una primera etapa, para ni\u00f1os de m\u00e1s de un mes de nacidos y menos de tres a\u00f1os, y una segunda para los de nueve a\u00f1os de edad, con una dosis de refuerzo. La habanera Sandra Mart\u00ednez, trabajadora de una empresa privada, llev\u00f3 a su hijo de cinco meses a recibir la vacuna antipolio por primera vez en un policl\u00ednico de la capital cubana. \u00abPara m\u00ed, vacunar a mi hijo significa que est\u00e1 protegido contra una enfermedad que puede dejar secuelas graves para toda la vida\u00bb, dijo. Mart\u00ednez destac\u00f3 que no tuvo que pagar para que su hijo accediera a la vacuna, porque el sistema de salud cubano la garantiza de manera gratuita. La joven madre, de 34 a\u00f1os, record\u00f3 que ella tambi\u00e9n fue inmunizada cuando era peque\u00f1a, pues en la isla esa vacunaci\u00f3n se realiza de manera anual desde 1962. La actual campa\u00f1a transcurre en coincidencia con la Semana de Vacunaci\u00f3n en Las Am\u00e9ricas, coordinada por la Organizaci\u00f3n Panamericana de la Salud (OPS) entre el 25 de abril y el 2 de mayo, y cuyo fin es impulsar la erradicaci\u00f3n de m\u00e1s de 30 enfermedades transmisibles para 2030 y combatir el repunte de sarampi\u00f3n en la regi\u00f3n. En 1994, la OPS certific\u00f3 la erradicaci\u00f3n de la poliomielitis en Cuba, lo que convirti\u00f3 al pa\u00eds en el primero de Latinoam\u00e9rica que logr\u00f3 eliminar la enfermedad. Antes del comienzo de las campa\u00f1as de vacunaci\u00f3n antipolio, la isla caribe\u00f1a registr\u00f3 cinco grandes epidemias, en 1934, 1942, 1946, 1952 y 1955. Las estad\u00edsticas oficiales muestran que entre 1932 y 1962 fueron contabilizados en el pa\u00eds 413.000 infectados y 430 fallecidos por la enfermedad. La primera campa\u00f1a de vacunaci\u00f3n masiva antipolio, hace 65 a\u00f1os, logr\u00f3 inmunizar a m\u00e1s de 2,2 millones ni\u00f1os menores de 15 a\u00f1os, seg\u00fan datos oficiales. Entre 1963 y 1989, antes de que fuera certificada la erradicaci\u00f3n de la polio, solo fueron registrados 10 casos no letales en Cuba y ninguna muerte. Fin<\/p>\n","protected":false},"excerpt":{"rendered":"<p>LA HABANA, 29 abr (Xinhua) &#8212; M\u00e1s de 340.000 ni\u00f1os ser\u00e1n vacunados contra la poliomielitis&#8230;<\/p>\n","protected":false},"author":1,"featured_media":0,"comment_status":"closed","ping_status":"closed","sticky":false,"template":"","format":"standard","meta":{"footnotes":""},"categories":[2],"tags":[],"class_list":["post-51583","post","type-post","status-publish","format-standard","hentry","category-internacional"],"_links":{"self":[{"href":"https:\/\/informadorweb.com\/index.php?rest_route=\/wp\/v2\/posts\/51583","targetHints":{"allow":["GET"]}}],"collection":[{"href":"https:\/\/informadorweb.com\/index.php?rest_route=\/wp\/v2\/posts"}],"about":[{"href":"https:\/\/informadorweb.com\/index.php?rest_route=\/wp\/v2\/types\/post"}],"author":[{"embeddable":true,"href":"https:\/\/informadorweb.com\/index.php?rest_route=\/wp\/v2\/users\/1"}],"replies":[{"embeddable":true,"href":"https:\/\/informadorweb.com\/index.php?rest_route=%2Fwp%2Fv2%2Fcomments&post=51583"}],"version-history":[{"count":1,"href":"https:\/\/informadorweb.com\/index.php?rest_route=\/wp\/v2\/posts\/51583\/revisions"}],"predecessor-version":[{"id":51584,"href":"https:\/\/informadorweb.com\/index.php?rest_route=\/wp\/v2\/posts\/51583\/revisions\/51584"}],"wp:attachment":[{"href":"https:\/\/informadorweb.com\/index.php?rest_route=%2Fwp%2Fv2%2Fmedia&parent=51583"}],"wp:term":[{"taxonomy":"category","embeddable":true,"href":"https:\/\/informadorweb.com\/index.php?rest_route=%2Fwp%2Fv2%2Fcategories&post=51583"},{"taxonomy":"post_tag","embeddable":true,"href":"https:\/\/informadorweb.com\/index.php?rest_route=%2Fwp%2Fv2%2Ftags&post=51583"}],"curies":[{"name":"wp","href":"https:\/\/api.w.org\/{rel}","templated":true}]}}