{"id":51573,"date":"2026-04-30T12:24:36","date_gmt":"2026-04-30T18:24:36","guid":{"rendered":"https:\/\/informadorweb.com\/?p=51573"},"modified":"2026-04-30T18:24:37","modified_gmt":"2026-04-30T18:24:37","slug":"brasil-pone-en-vigor-su-plan-nacional-de-lectura-2026-2036-para-ampliar-acceso-a-libros","status":"publish","type":"post","link":"https:\/\/informadorweb.com\/?p=51573","title":{"rendered":"Brasil pone en vigor su plan nacional de lectura 2026-2036 para ampliar acceso a libros"},"content":{"rendered":"<div class=\"el-scrollbar__wrap\">\n<div class=\"el-scrollbar__view\">\n<div class=\"news-content\" data-v-e79c3ee4=\"\">BRASILIA, 29 abr (Xinhua) &#8212; El nuevo Plan Nacional del Libro y la Lectura (PNLL) de Brasil para el per\u00edodo 2026-2036 entr\u00f3 en vigor este mi\u00e9rcoles tras su publicaci\u00f3n en el Diario Oficial. El objetivo del plan es ampliar el acceso al libro, fomentar la formaci\u00f3n de lectores y fortalecer la cadena productiva del sector editorial en todo el pa\u00eds. Entre los principios del plan se encuentra el de \u00abvalorar la lectura y la escritura como herramientas cruciales para el pleno desarrollo del potencial humano, as\u00ed como para fortalecer la capacidad de expresar la diversidad cultural y ling\u00fc\u00edstica de los pueblos\u00bb. El texto establece metas como la erradicaci\u00f3n del analfabetismo, el impulso del pensamiento cr\u00edtico, la mejora de la calidad educativa y la valorizaci\u00f3n de los profesionales de la educaci\u00f3n. El plan se estructura en cuatro ejes estrat\u00e9gicos. El primero se centra en la democratizaci\u00f3n del acceso al libro y la lectura, e incluye la reapertura de bibliotecas p\u00fablicas, la expansi\u00f3n de bibliotecas escolares y la distribuci\u00f3n de 100 millones de libros de literatura hasta 2035, incluidos formatos accesibles. El segundo eje est\u00e1 orientado al fomento de la lectura y la formaci\u00f3n de mediadores. Entre las metas se encuentran el aumento del porcentaje de lectores en el pa\u00eds del 47 al 55 por ciento de la poblaci\u00f3n. El tercer eje trata de la valorizaci\u00f3n institucional de la lectura y de su valor simb\u00f3lico. Entre las iniciativas previstas est\u00e1n la creaci\u00f3n del Instituto Brasile\u00f1o del Libro, la Lectura, la Literatura y las Bibliotecas y del Fondo Sectorial del Libro y la Lectura. El cuarto eje aborda el fomento de la cadena creativa y productiva del libro, con acciones orientadas a la internacionalizaci\u00f3n de la literatura brasile\u00f1a, la ampliaci\u00f3n de la participaci\u00f3n del pa\u00eds en ferias internacionales, el incentivo a la escritura creativa y el fortalecimiento del mercado editorial. Fin<\/div>\n<\/div>\n<\/div>\n<div class=\"el-scrollbar__bar is-horizontal\"><\/div>\n","protected":false},"excerpt":{"rendered":"<p>BRASILIA, 29 abr (Xinhua) &#8212; El nuevo Plan Nacional del Libro y la Lectura (PNLL)&#8230;<\/p>\n","protected":false},"author":1,"featured_media":0,"comment_status":"closed","ping_status":"closed","sticky":false,"template":"","format":"standard","meta":{"footnotes":""},"categories":[2],"tags":[],"class_list":["post-51573","post","type-post","status-publish","format-standard","hentry","category-internacional"],"_links":{"self":[{"href":"https:\/\/informadorweb.com\/index.php?rest_route=\/wp\/v2\/posts\/51573","targetHints":{"allow":["GET"]}}],"collection":[{"href":"https:\/\/informadorweb.com\/index.php?rest_route=\/wp\/v2\/posts"}],"about":[{"href":"https:\/\/informadorweb.com\/index.php?rest_route=\/wp\/v2\/types\/post"}],"author":[{"embeddable":true,"href":"https:\/\/informadorweb.com\/index.php?rest_route=\/wp\/v2\/users\/1"}],"replies":[{"embeddable":true,"href":"https:\/\/informadorweb.com\/index.php?rest_route=%2Fwp%2Fv2%2Fcomments&post=51573"}],"version-history":[{"count":1,"href":"https:\/\/informadorweb.com\/index.php?rest_route=\/wp\/v2\/posts\/51573\/revisions"}],"predecessor-version":[{"id":51574,"href":"https:\/\/informadorweb.com\/index.php?rest_route=\/wp\/v2\/posts\/51573\/revisions\/51574"}],"wp:attachment":[{"href":"https:\/\/informadorweb.com\/index.php?rest_route=%2Fwp%2Fv2%2Fmedia&parent=51573"}],"wp:term":[{"taxonomy":"category","embeddable":true,"href":"https:\/\/informadorweb.com\/index.php?rest_route=%2Fwp%2Fv2%2Fcategories&post=51573"},{"taxonomy":"post_tag","embeddable":true,"href":"https:\/\/informadorweb.com\/index.php?rest_route=%2Fwp%2Fv2%2Ftags&post=51573"}],"curies":[{"name":"wp","href":"https:\/\/api.w.org\/{rel}","templated":true}]}}