{"id":51565,"date":"2026-04-30T12:23:18","date_gmt":"2026-04-30T18:23:18","guid":{"rendered":"https:\/\/informadorweb.com\/?p=51565"},"modified":"2026-04-30T18:23:19","modified_gmt":"2026-04-30T18:23:19","slug":"gobierno-de-peru-prorroga-estado-de-emergencia-por-inseguridad-en-lima-y-callao","status":"publish","type":"post","link":"https:\/\/informadorweb.com\/?p=51565","title":{"rendered":"Gobierno de Per\u00fa prorroga estado de emergencia por inseguridad en Lima y Callao"},"content":{"rendered":"<p>LIMA, 29 abr (Xinhua) &#8212; El Gobierno peruano prorrog\u00f3 por 60 d\u00edas el estado de emergencia en Lima Metropolitana y la vecina provincia del Callao para seguir combatiendo la criminalidad y otras situaciones de violencia que afectan a la capital, inform\u00f3 hoy mi\u00e9rcoles el Despacho de la Presidencia. A trav\u00e9s de un comunicado, la instituci\u00f3n indic\u00f3 que la medida fue establecida mediante un Decreto Supremo, publicado en el diario oficial \u00abEl Peruano\u00bb y rubricado por el presidente Jos\u00e9 Balc\u00e1zar, junto a varios integrantes del gabinete. De acuerdo con el decreto, durante la vigencia de la pr\u00f3rroga, la Polic\u00eda Nacional del Per\u00fa (PNP) mantendr\u00e1 el control del orden interno con acciones de apoyo de las Fuerzas Armadas, bajo una estrategia que determinar\u00e1 las zonas de intervenci\u00f3n sobre la base de inteligencia estad\u00edstica y mapas del delito. \u00abAdem\u00e1s, habr\u00e1 restricci\u00f3n o suspensi\u00f3n del ejercicio de los derechos relativos a la inviolabilidad de domicilio, libertad de tr\u00e1nsito por el territorio nacional, libertad de reuni\u00f3n y libertad y seguridad personales\u00bb, a\u00f1adi\u00f3 el texto. Seg\u00fan inform\u00f3 la v\u00edspera la Polic\u00eda Nacional, citada por la privada Radio Programas del Per\u00fa, los \u00edndices de extorsi\u00f3n en Lima y Callao registraron un descenso del 43 por ciento durante los primeros cuatro meses del presente a\u00f1o. El comandante general de la PNP, \u00d3scar Arriola, precis\u00f3 que mientras en el periodo enero-abril del a\u00f1o pasado se registraron 8.988 denuncias por extorsi\u00f3n a nivel nacional, en el mismo lapso de 2026 se produjeron 5.123 registros oficiales, \u00ablo que implica una disminuci\u00f3n\u00bb significativa. El funcionario report\u00f3 que en lo que va de a\u00f1o ha habido una disminuci\u00f3n de 17,46 por ciento en los casos de homicidio, mientras que fueron desarticuladas siete organizaciones criminales y 336 bandas delictivas en todo el pa\u00eds. Fin<\/p>\n","protected":false},"excerpt":{"rendered":"<p>LIMA, 29 abr (Xinhua) &#8212; El Gobierno peruano prorrog\u00f3 por 60 d\u00edas el estado de&#8230;<\/p>\n","protected":false},"author":1,"featured_media":0,"comment_status":"closed","ping_status":"closed","sticky":false,"template":"","format":"standard","meta":{"footnotes":""},"categories":[2],"tags":[],"class_list":["post-51565","post","type-post","status-publish","format-standard","hentry","category-internacional"],"_links":{"self":[{"href":"https:\/\/informadorweb.com\/index.php?rest_route=\/wp\/v2\/posts\/51565","targetHints":{"allow":["GET"]}}],"collection":[{"href":"https:\/\/informadorweb.com\/index.php?rest_route=\/wp\/v2\/posts"}],"about":[{"href":"https:\/\/informadorweb.com\/index.php?rest_route=\/wp\/v2\/types\/post"}],"author":[{"embeddable":true,"href":"https:\/\/informadorweb.com\/index.php?rest_route=\/wp\/v2\/users\/1"}],"replies":[{"embeddable":true,"href":"https:\/\/informadorweb.com\/index.php?rest_route=%2Fwp%2Fv2%2Fcomments&post=51565"}],"version-history":[{"count":1,"href":"https:\/\/informadorweb.com\/index.php?rest_route=\/wp\/v2\/posts\/51565\/revisions"}],"predecessor-version":[{"id":51566,"href":"https:\/\/informadorweb.com\/index.php?rest_route=\/wp\/v2\/posts\/51565\/revisions\/51566"}],"wp:attachment":[{"href":"https:\/\/informadorweb.com\/index.php?rest_route=%2Fwp%2Fv2%2Fmedia&parent=51565"}],"wp:term":[{"taxonomy":"category","embeddable":true,"href":"https:\/\/informadorweb.com\/index.php?rest_route=%2Fwp%2Fv2%2Fcategories&post=51565"},{"taxonomy":"post_tag","embeddable":true,"href":"https:\/\/informadorweb.com\/index.php?rest_route=%2Fwp%2Fv2%2Ftags&post=51565"}],"curies":[{"name":"wp","href":"https:\/\/api.w.org\/{rel}","templated":true}]}}