{"id":51563,"date":"2026-04-30T12:23:02","date_gmt":"2026-04-30T18:23:02","guid":{"rendered":"https:\/\/informadorweb.com\/?p=51563"},"modified":"2026-04-30T18:23:03","modified_gmt":"2026-04-30T18:23:03","slug":"china-y-australia-deben-defender-conjuntamente-el-multilateralismo-dice-canciller-chino","status":"publish","type":"post","link":"https:\/\/informadorweb.com\/?p=51563","title":{"rendered":"China y Australia deben defender conjuntamente el multilateralismo, dice canciller chino"},"content":{"rendered":"<p>BEIJING, 29 abr (Xinhua) &#8212; El ministro de Relaciones Exteriores chino, Wang Yi, dijo hoy mi\u00e9rcoles que China y Australia deben mantenerse conjuntamente en la parte correcta de la historia y del lado del multilateralismo, defender en conjunto el sistema de libre comercio mundial y mantener la estabilidad y el funcionamiento sin contratiempos de las cadenas industriales y de suministro, desempe\u00f1ar un papel constructivo en la soluci\u00f3n pol\u00edtica de cuestiones problem\u00e1ticas, y promover la construcci\u00f3n de un sistema de gobernanza mundial m\u00e1s justo y equitativo. Wang, tambi\u00e9n miembro del Bur\u00f3 Pol\u00edtico del Comit\u00e9 Central del Partido Comunista de China, afirm\u00f3 lo anterior en el octavo di\u00e1logo diplom\u00e1tico y estrat\u00e9gico China-Australia con la ministra de Relaciones Exteriores australiana, Penny Wong, celebrado en Beijing. Fin<\/p>\n","protected":false},"excerpt":{"rendered":"<p>BEIJING, 29 abr (Xinhua) &#8212; El ministro de Relaciones Exteriores chino, Wang Yi, dijo hoy&#8230;<\/p>\n","protected":false},"author":1,"featured_media":0,"comment_status":"closed","ping_status":"closed","sticky":false,"template":"","format":"standard","meta":{"footnotes":""},"categories":[2],"tags":[],"class_list":["post-51563","post","type-post","status-publish","format-standard","hentry","category-internacional"],"_links":{"self":[{"href":"https:\/\/informadorweb.com\/index.php?rest_route=\/wp\/v2\/posts\/51563","targetHints":{"allow":["GET"]}}],"collection":[{"href":"https:\/\/informadorweb.com\/index.php?rest_route=\/wp\/v2\/posts"}],"about":[{"href":"https:\/\/informadorweb.com\/index.php?rest_route=\/wp\/v2\/types\/post"}],"author":[{"embeddable":true,"href":"https:\/\/informadorweb.com\/index.php?rest_route=\/wp\/v2\/users\/1"}],"replies":[{"embeddable":true,"href":"https:\/\/informadorweb.com\/index.php?rest_route=%2Fwp%2Fv2%2Fcomments&post=51563"}],"version-history":[{"count":1,"href":"https:\/\/informadorweb.com\/index.php?rest_route=\/wp\/v2\/posts\/51563\/revisions"}],"predecessor-version":[{"id":51564,"href":"https:\/\/informadorweb.com\/index.php?rest_route=\/wp\/v2\/posts\/51563\/revisions\/51564"}],"wp:attachment":[{"href":"https:\/\/informadorweb.com\/index.php?rest_route=%2Fwp%2Fv2%2Fmedia&parent=51563"}],"wp:term":[{"taxonomy":"category","embeddable":true,"href":"https:\/\/informadorweb.com\/index.php?rest_route=%2Fwp%2Fv2%2Fcategories&post=51563"},{"taxonomy":"post_tag","embeddable":true,"href":"https:\/\/informadorweb.com\/index.php?rest_route=%2Fwp%2Fv2%2Ftags&post=51563"}],"curies":[{"name":"wp","href":"https:\/\/api.w.org\/{rel}","templated":true}]}}