{"id":51547,"date":"2026-04-30T12:20:36","date_gmt":"2026-04-30T18:20:36","guid":{"rendered":"https:\/\/informadorweb.com\/?p=51547"},"modified":"2026-04-30T18:20:37","modified_gmt":"2026-04-30T18:20:37","slug":"vice-primer-ministro-de-china-destaca-importancia-de-autosuficiencia-y-cooperacion-abierta-en-ia","status":"publish","type":"post","link":"https:\/\/informadorweb.com\/?p=51547","title":{"rendered":"Vice primer ministro de China destaca importancia de autosuficiencia y cooperaci\u00f3n abierta en IA"},"content":{"rendered":"<p>FUZHOU, 29 abr (Xinhua) &#8212; El vice primer ministro chino, Ding Xuexiang, destac\u00f3 hoy mi\u00e9rcoles la importancia de la autosuficiencia y la cooperaci\u00f3n internacional abierta en inteligencia artificial (IA). Avanzar en la construcci\u00f3n de la China Digital y elevar el nivel de desarrollo digital e inteligente es una tarea estrat\u00e9gica que influye en el progreso general de la modernizaci\u00f3n china, se\u00f1al\u00f3 Ding, quien tambi\u00e9n es miembro del Comit\u00e9 Permanente del Bur\u00f3 Pol\u00edtico del Comit\u00e9 Central del Partido Comunista de China. Ding realiz\u00f3 estas declaraciones en su discurso inaugural de la IX Cumbre de China Digital que se celebra del 29 al 30 de abril en Fuzhou, capital de la provincia de Fujian, en el este de China. Ding destac\u00f3 cinco aspectos para el desarrollo de la IA en China. Subray\u00f3 la necesidad de la autosuficiencia y la innovaci\u00f3n independiente, y se\u00f1al\u00f3 que el sector de IA de China debe forjar su propio camino para resistir cualquier presi\u00f3n externa o intentos de represi\u00f3n. Tambi\u00e9n abog\u00f3 por un desarrollo orientado a las aplicaciones, instando a una integraci\u00f3n m\u00e1s profunda de la IA con la econom\u00eda real y a un desarrollo m\u00e1s r\u00e1pido de nuevas fuerzas productivas de calidad. El vice primer ministro enfatiz\u00f3 adem\u00e1s la importancia de construir un ecosistema de innovaci\u00f3n colaborativo, con una coordinaci\u00f3n m\u00e1s estrecha en toda la cadena industrial de la IA. En el frente global, Ding llam\u00f3 a avanzar en una cooperaci\u00f3n abierta y mutuamente beneficiosa, pidiendo la implementaci\u00f3n s\u00f3lida de la Iniciativa para la Gobernanza Global de la IA y una colaboraci\u00f3n internacional m\u00e1s profunda en capacidad de computaci\u00f3n, datos y talento. El vice primer ministro tambi\u00e9n destac\u00f3 que el desarrollo de la IA debe mantenerse seguro y controlable, con una regulaci\u00f3n fortalecida para garantizar que la tecnolog\u00eda siempre sirva y permanezca bajo el control de la humanidad. Fin<\/p>\n","protected":false},"excerpt":{"rendered":"<p>FUZHOU, 29 abr (Xinhua) &#8212; El vice primer ministro chino, Ding Xuexiang, destac\u00f3 hoy mi\u00e9rcoles&#8230;<\/p>\n","protected":false},"author":1,"featured_media":0,"comment_status":"closed","ping_status":"closed","sticky":false,"template":"","format":"standard","meta":{"footnotes":""},"categories":[2],"tags":[],"class_list":["post-51547","post","type-post","status-publish","format-standard","hentry","category-internacional"],"_links":{"self":[{"href":"https:\/\/informadorweb.com\/index.php?rest_route=\/wp\/v2\/posts\/51547","targetHints":{"allow":["GET"]}}],"collection":[{"href":"https:\/\/informadorweb.com\/index.php?rest_route=\/wp\/v2\/posts"}],"about":[{"href":"https:\/\/informadorweb.com\/index.php?rest_route=\/wp\/v2\/types\/post"}],"author":[{"embeddable":true,"href":"https:\/\/informadorweb.com\/index.php?rest_route=\/wp\/v2\/users\/1"}],"replies":[{"embeddable":true,"href":"https:\/\/informadorweb.com\/index.php?rest_route=%2Fwp%2Fv2%2Fcomments&post=51547"}],"version-history":[{"count":1,"href":"https:\/\/informadorweb.com\/index.php?rest_route=\/wp\/v2\/posts\/51547\/revisions"}],"predecessor-version":[{"id":51548,"href":"https:\/\/informadorweb.com\/index.php?rest_route=\/wp\/v2\/posts\/51547\/revisions\/51548"}],"wp:attachment":[{"href":"https:\/\/informadorweb.com\/index.php?rest_route=%2Fwp%2Fv2%2Fmedia&parent=51547"}],"wp:term":[{"taxonomy":"category","embeddable":true,"href":"https:\/\/informadorweb.com\/index.php?rest_route=%2Fwp%2Fv2%2Fcategories&post=51547"},{"taxonomy":"post_tag","embeddable":true,"href":"https:\/\/informadorweb.com\/index.php?rest_route=%2Fwp%2Fv2%2Ftags&post=51547"}],"curies":[{"name":"wp","href":"https:\/\/api.w.org\/{rel}","templated":true}]}}