{"id":51519,"date":"2026-04-30T12:09:56","date_gmt":"2026-04-30T18:09:56","guid":{"rendered":"https:\/\/informadorweb.com\/?p=51519"},"modified":"2026-04-30T18:09:58","modified_gmt":"2026-04-30T18:09:58","slug":"ampliacion-condena-contra-expresidente-surcoreano-yoon-aumenta-hasta-7-anos-en-apelacion-por-obstruccion-de-detencion","status":"publish","type":"post","link":"https:\/\/informadorweb.com\/?p=51519","title":{"rendered":"Ampliaci\u00f3n: Condena contra expresidente surcoreano Yoon aumenta hasta 7 a\u00f1os en apelaci\u00f3n por obstrucci\u00f3n de detenci\u00f3n"},"content":{"rendered":"<p>SE\u00daL, 29 abr (Xinhua) &#8212; La condena del expresidente surcoreano Yoon Suk-yeol fue ampliada hoy mi\u00e9rcoles hasta los siete a\u00f1os de prisi\u00f3n en apelaci\u00f3n por obstrucci\u00f3n de detenci\u00f3n, seg\u00fan sentenci\u00f3 la Corte Suprema de Se\u00fal. La corte revoc\u00f3 la sentencia del tribunal inferior, endureciendo la prisi\u00f3n contra Yoon de 5 a 7 a\u00f1os. El equipo del fiscal independiente Cho Eun-suk, que lider\u00f3 una investigaci\u00f3n por insurrecci\u00f3n y otros cargos sobre Yoon, hab\u00eda pedido 10 a\u00f1os de prisi\u00f3n a la corte de apelaci\u00f3n, igual que hizo en primera instancia. La corte argument\u00f3 que bloquear el primer intento de arrestar a Yoon constitu\u00eda abuso de poder y una obstrucci\u00f3n deliberada de las funciones p\u00fablicas. Sobre la obstrucci\u00f3n al segundo intento de detenci\u00f3n, la corte tambi\u00e9n dijo que fue abuso de poder. Reconoci\u00f3 que ejecutar la primera orden de arresto contra Yoon fue legal. Y que la orden de registro a la residencia del presidente fue legalmente ejecutada. Yoon fue imputado por abusar del servicio presidencial de seguridad para impedir que la agencia anticorrupci\u00f3n ejecutara su orden de detenci\u00f3n en enero de 2025. La Oficina de Investigaci\u00f3n de la Corrupci\u00f3n para Altos Funcionarios (CIO, por sus siglas en ingl\u00e9s) se vio frustrada en su intento de detener a Yoon cuando el servicio de seguridad presidencial form\u00f3 escudos humanos y bloqueos con autobuses para impedir que los investigadores ingresaran a la residencia presidencial. La ley marcial de emergencia fue declarada por Yoon la noche del 3 de diciembre de 2024, pero fue revocada horas despu\u00e9s por la Asamblea Nacional. El l\u00edder depuesto fue acusado bajo detenci\u00f3n en enero del a\u00f1o pasado como presunto cabecilla de la insurrecci\u00f3n, convirti\u00e9ndose en el primer presidente en ejercicio en ser arrestado y procesado. Fin<\/p>\n","protected":false},"excerpt":{"rendered":"<p>SE\u00daL, 29 abr (Xinhua) &#8212; La condena del expresidente surcoreano Yoon Suk-yeol fue ampliada hoy&#8230;<\/p>\n","protected":false},"author":1,"featured_media":0,"comment_status":"closed","ping_status":"closed","sticky":false,"template":"","format":"standard","meta":{"footnotes":""},"categories":[2],"tags":[],"class_list":["post-51519","post","type-post","status-publish","format-standard","hentry","category-internacional"],"_links":{"self":[{"href":"https:\/\/informadorweb.com\/index.php?rest_route=\/wp\/v2\/posts\/51519","targetHints":{"allow":["GET"]}}],"collection":[{"href":"https:\/\/informadorweb.com\/index.php?rest_route=\/wp\/v2\/posts"}],"about":[{"href":"https:\/\/informadorweb.com\/index.php?rest_route=\/wp\/v2\/types\/post"}],"author":[{"embeddable":true,"href":"https:\/\/informadorweb.com\/index.php?rest_route=\/wp\/v2\/users\/1"}],"replies":[{"embeddable":true,"href":"https:\/\/informadorweb.com\/index.php?rest_route=%2Fwp%2Fv2%2Fcomments&post=51519"}],"version-history":[{"count":1,"href":"https:\/\/informadorweb.com\/index.php?rest_route=\/wp\/v2\/posts\/51519\/revisions"}],"predecessor-version":[{"id":51520,"href":"https:\/\/informadorweb.com\/index.php?rest_route=\/wp\/v2\/posts\/51519\/revisions\/51520"}],"wp:attachment":[{"href":"https:\/\/informadorweb.com\/index.php?rest_route=%2Fwp%2Fv2%2Fmedia&parent=51519"}],"wp:term":[{"taxonomy":"category","embeddable":true,"href":"https:\/\/informadorweb.com\/index.php?rest_route=%2Fwp%2Fv2%2Fcategories&post=51519"},{"taxonomy":"post_tag","embeddable":true,"href":"https:\/\/informadorweb.com\/index.php?rest_route=%2Fwp%2Fv2%2Ftags&post=51519"}],"curies":[{"name":"wp","href":"https:\/\/api.w.org\/{rel}","templated":true}]}}