{"id":51062,"date":"2026-04-29T09:35:03","date_gmt":"2026-04-29T15:35:03","guid":{"rendered":"https:\/\/informadorweb.com\/?p=51062"},"modified":"2026-04-29T15:35:04","modified_gmt":"2026-04-29T15:35:04","slug":"estudio-brasileno-descarta-sabanizacion-de-la-amazonia-pero-alerta-por-perdida-de-biodiversidad","status":"publish","type":"post","link":"https:\/\/informadorweb.com\/?p=51062","title":{"rendered":"Estudio brasile\u00f1o descarta \u00absabanizaci\u00f3n\u00bb de la Amazon\u00eda pero alerta por p\u00e9rdida de biodiversidad"},"content":{"rendered":"<h3 data-v-e79c3ee4=\"\">\u00a0R\u00cdO DE JANEIRO, 28 abr (Xinhua) &#8212; Un estudio cient\u00edfico brasile\u00f1o de largo plazo divulgado este martes descart\u00f3 que la Amazon\u00eda est\u00e9 en proceso de convertirse en una sabana, pero advirti\u00f3 sobre una p\u00e9rdida preocupante de biodiversidad y un deterioro progresivo de las funciones ecol\u00f3gicas del bosque. El an\u00e1lisis, basado en m\u00e1s de dos d\u00e9cadas de monitoreo en \u00e1reas impactadas por incendios, sequ\u00edas y eventos clim\u00e1ticos extremos, concluy\u00f3 que la selva amaz\u00f3nica mantiene una importante capacidad de regeneraci\u00f3n estructural. Tras perturbaciones severas, la vegetaci\u00f3n logra recuperar su cobertura forestal, lo que sugiere una resiliencia mayor a la esperada frente a escenarios de degradaci\u00f3n. Sin embargo, los cient\u00edficos enfatizan que esa recuperaci\u00f3n es solo parcial. Aunque el bosque vuelve a crecer, su composici\u00f3n cambia de forma significativa. Especies m\u00e1s sensibles, t\u00edpicas de selvas maduras, son reemplazadas por otras m\u00e1s resistentes, de crecimiento r\u00e1pido y menor capacidad de almacenamiento de carbono. En declaraciones a Xinhua, la investigadora brasile\u00f1a Erika Berenguer, una de las autoras del estudio, explic\u00f3 que \u00abla Amazon\u00eda no est\u00e1 colapsando hacia una sabana, pero eso no significa que est\u00e9 sana. Lo que vemos es un bosque m\u00e1s pobre, con menos especies y menos capacidad de cumplir sus funciones ecol\u00f3gicas\u00bb. Seg\u00fan Berenguer, este empobrecimiento biol\u00f3gico tiene efectos directos sobre el equilibrio clim\u00e1tico. \u00abCuando cambian las especies, cambia tambi\u00e9n la forma en que el bosque almacena carbono, regula la humedad y responde a las sequ\u00edas. Es un proceso silencioso, pero muy preocupante\u00bb, afirm\u00f3. El estudio tambi\u00e9n revela que las \u00e1reas degradadas se vuelven m\u00e1s vulnerables a nuevos disturbios. Incendios recurrentes, sequ\u00edas prolongadas y tormentas intensas tienden a afectar con mayor severidad a los bosques ya alterados, generando un ciclo de degradaci\u00f3n que dificulta la recuperaci\u00f3n completa del ecosistema. Para el investigador brasile\u00f1o Paulo Brando, tambi\u00e9n vinculado al estudio, \u00abel problema real es que el bosque est\u00e1 perdiendo calidad ecol\u00f3gica, incluso cuando sigue en pie\u00bb. En conversaci\u00f3n con Xinhua, Brando se\u00f1al\u00f3 que \u00abun bosque degradado puede parecer verde desde el aire, pero funciona de manera muy distinta. Tiene menos biodiversidad, menos capacidad de absorber carbono y es m\u00e1s vulnerable a nuevos impactos\u00bb. Los investigadores destacan que este fen\u00f3meno es especialmente visible en zonas de transici\u00f3n entre la Amazon\u00eda y el Cerrado, donde la presi\u00f3n combinada de la expansi\u00f3n agr\u00edcola, la deforestaci\u00f3n y el cambio clim\u00e1tico intensifica los efectos de degradaci\u00f3n. El estudio subraya adem\u00e1s que la p\u00e9rdida de biodiversidad no solo afecta al clima, sino tambi\u00e9n a las comunidades locales y a los servicios ecosist\u00e9micos de los que dependen millones de personas, como la regulaci\u00f3n del ciclo del agua y la fertilidad del suelo. Especialistas consultados coinciden en que los resultados refuerzan la urgencia de fortalecer las pol\u00edticas de conservaci\u00f3n. En particular, destacan la necesidad de prevenir incendios forestales, controlar la deforestaci\u00f3n ilegal y promover la restauraci\u00f3n de \u00e1reas degradadas. \u00abEl mensaje es claro: evitar la deforestaci\u00f3n no es suficiente. Tambi\u00e9n necesitamos proteger la integridad del bosque que a\u00fan existe\u00bb, afirm\u00f3 Berenguer. Fin<\/h3>\n<div class=\"detail-body\" data-v-e79c3ee4=\"\">\n<div class=\"detail-body-left\" data-v-e79c3ee4=\"\">\n<div class=\"el-scrollbar\" data-v-e79c3ee4=\"\">\n<div class=\"el-scrollbar__wrap\">\n<div class=\"el-scrollbar__view\"><\/div>\n<\/div>\n<\/div>\n<\/div>\n<\/div>\n","protected":false},"excerpt":{"rendered":"<p>\u00a0R\u00cdO DE JANEIRO, 28 abr (Xinhua) &#8212; Un estudio cient\u00edfico brasile\u00f1o de largo plazo divulgado&#8230;<\/p>\n","protected":false},"author":1,"featured_media":0,"comment_status":"closed","ping_status":"closed","sticky":false,"template":"","format":"standard","meta":{"footnotes":""},"categories":[2],"tags":[],"class_list":["post-51062","post","type-post","status-publish","format-standard","hentry","category-internacional"],"_links":{"self":[{"href":"https:\/\/informadorweb.com\/index.php?rest_route=\/wp\/v2\/posts\/51062","targetHints":{"allow":["GET"]}}],"collection":[{"href":"https:\/\/informadorweb.com\/index.php?rest_route=\/wp\/v2\/posts"}],"about":[{"href":"https:\/\/informadorweb.com\/index.php?rest_route=\/wp\/v2\/types\/post"}],"author":[{"embeddable":true,"href":"https:\/\/informadorweb.com\/index.php?rest_route=\/wp\/v2\/users\/1"}],"replies":[{"embeddable":true,"href":"https:\/\/informadorweb.com\/index.php?rest_route=%2Fwp%2Fv2%2Fcomments&post=51062"}],"version-history":[{"count":1,"href":"https:\/\/informadorweb.com\/index.php?rest_route=\/wp\/v2\/posts\/51062\/revisions"}],"predecessor-version":[{"id":51063,"href":"https:\/\/informadorweb.com\/index.php?rest_route=\/wp\/v2\/posts\/51062\/revisions\/51063"}],"wp:attachment":[{"href":"https:\/\/informadorweb.com\/index.php?rest_route=%2Fwp%2Fv2%2Fmedia&parent=51062"}],"wp:term":[{"taxonomy":"category","embeddable":true,"href":"https:\/\/informadorweb.com\/index.php?rest_route=%2Fwp%2Fv2%2Fcategories&post=51062"},{"taxonomy":"post_tag","embeddable":true,"href":"https:\/\/informadorweb.com\/index.php?rest_route=%2Fwp%2Fv2%2Ftags&post=51062"}],"curies":[{"name":"wp","href":"https:\/\/api.w.org\/{rel}","templated":true}]}}