{"id":51028,"date":"2026-04-29T09:17:58","date_gmt":"2026-04-29T15:17:58","guid":{"rendered":"https:\/\/informadorweb.com\/?p=51028"},"modified":"2026-04-29T15:17:59","modified_gmt":"2026-04-29T15:17:59","slug":"cuba-reitera-disposicion-a-dialogar-sobre-compensaciones-mutuas-con-ee-uu-por-nacionalizaciones-y-bloqueo","status":"publish","type":"post","link":"https:\/\/informadorweb.com\/?p=51028","title":{"rendered":"Cuba reitera disposici\u00f3n a dialogar sobre compensaciones mutuas con EE. UU. por nacionalizaciones y bloqueo"},"content":{"rendered":"<div class=\"el-scrollbar__wrap\">\n<div class=\"el-scrollbar__view\">\n<div class=\"news-content\" data-v-e79c3ee4=\"\">LA HABANA, 28 abr (Xinhua) &#8212; El viceministro de Relaciones Exteriores de Cuba, Carlos Fern\u00e1ndez, reafirm\u00f3 este martes la disposici\u00f3n del pa\u00eds a dialogar con Estados Unidos sobre el tema de las reclamaciones y compensaciones mutuas derivadas de las nacionalizaciones realizadas en la d\u00e9cada de 1960 y de las consecuencias del bloqueo econ\u00f3mico y financiero contra la isla, vigente desde hace m\u00e1s de seis d\u00e9cadas. El diplom\u00e1tico se\u00f1al\u00f3 que las negociaciones deben realizarse \u00abcon el reclamo de cada parte sobre la misma mesa\u00bb y sostuvo que las nacionalizaciones posteriores al triunfo de la Revoluci\u00f3n cubana el 1 de enero de 1959, que puso fin al gobierno de Fulgencio Batista (1901-1973), fueron \u00ababsolutamente leg\u00edtimas\u00bb y acordes con la Constituci\u00f3n de 1940, vigente entonces, la legislaci\u00f3n nacional y el Derecho Internacional. Fern\u00e1ndez explic\u00f3 que el proceso incluy\u00f3 \u00abf\u00f3rmulas de compensaci\u00f3n adaptadas a la pr\u00e1ctica internacional de la \u00e9poca, mediante acuerdos de gobierno a gobierno\u00bb, y cit\u00f3 convenios alcanzados con Canad\u00e1, Espa\u00f1a, Francia, Reino Unido y Suiza. A\u00f1adi\u00f3 que Estados Unidos rechaz\u00f3 esa propuesta y se neg\u00f3 a negociar una soluci\u00f3n mutuamente aceptable. \u00abSi los antiguos propietarios estadounidenses no fueron compensados, fue por la posici\u00f3n pol\u00edtica y hostil de su gobierno\u00bb, afirm\u00f3. El vicecanciller denunci\u00f3 que el gobierno estadounidense ha causado a la isla caribe\u00f1a \u00abun inmenso da\u00f1o humano y material\u00bb mediante acciones que incluyen agresiones militares, terrorismo, apoyo a grupos armados, sabotaje econ\u00f3mico y medidas de presi\u00f3n financiera. \u00abEl pueblo cubano merece compensaci\u00f3n por un da\u00f1o prolongado que ha afectado a varias generaciones\u00bb, se\u00f1al\u00f3 Fern\u00e1ndez, quien consider\u00f3 que esas afectaciones superan las reclamaciones de antiguos propietarios estadounidenses, \u00abpor la conducta de su gobierno\u00bb. De acuerdo con el Ministerio de Relaciones Exteriores de Cuba, el bloqueo de Washington contra La Habana ha provocado p\u00e9rdidas acumuladas estimadas en 2 billones 103.897 millones de d\u00f3lares, calculadas a precios corrientes y seg\u00fan la evoluci\u00f3n del d\u00f3lar frente al oro en el mercado internacional. Por su parte, Estados Unidos sostiene que alrededor de 6.000 ciudadanos y empresas, entre ellas Coca-Cola, ExxonMobil y Colgate-Palmolive, mantienen reclamaciones contra Cuba por un valor de 1.900 millones de d\u00f3lares por las nacionalizaciones que se llevaron a cabo con la Revoluci\u00f3n. Al respecto, la Ley 80 de 1996, sobre la Reafirmaci\u00f3n de la Dignidad y la Soberan\u00eda Cubanas, establece que las indemnizaciones a ciudadanos estadounidenses deben negociarse teniendo en cuenta los da\u00f1os atribuidos por Cuba al bloqueo de Washington. Fin<\/div>\n<\/div>\n<\/div>\n<div class=\"el-scrollbar__bar is-horizontal\"><\/div>\n","protected":false},"excerpt":{"rendered":"<p>LA HABANA, 28 abr (Xinhua) &#8212; El viceministro de Relaciones Exteriores de Cuba, Carlos Fern\u00e1ndez,&#8230;<\/p>\n","protected":false},"author":1,"featured_media":0,"comment_status":"closed","ping_status":"closed","sticky":false,"template":"","format":"standard","meta":{"footnotes":""},"categories":[2],"tags":[],"class_list":["post-51028","post","type-post","status-publish","format-standard","hentry","category-internacional"],"_links":{"self":[{"href":"https:\/\/informadorweb.com\/index.php?rest_route=\/wp\/v2\/posts\/51028","targetHints":{"allow":["GET"]}}],"collection":[{"href":"https:\/\/informadorweb.com\/index.php?rest_route=\/wp\/v2\/posts"}],"about":[{"href":"https:\/\/informadorweb.com\/index.php?rest_route=\/wp\/v2\/types\/post"}],"author":[{"embeddable":true,"href":"https:\/\/informadorweb.com\/index.php?rest_route=\/wp\/v2\/users\/1"}],"replies":[{"embeddable":true,"href":"https:\/\/informadorweb.com\/index.php?rest_route=%2Fwp%2Fv2%2Fcomments&post=51028"}],"version-history":[{"count":1,"href":"https:\/\/informadorweb.com\/index.php?rest_route=\/wp\/v2\/posts\/51028\/revisions"}],"predecessor-version":[{"id":51029,"href":"https:\/\/informadorweb.com\/index.php?rest_route=\/wp\/v2\/posts\/51028\/revisions\/51029"}],"wp:attachment":[{"href":"https:\/\/informadorweb.com\/index.php?rest_route=%2Fwp%2Fv2%2Fmedia&parent=51028"}],"wp:term":[{"taxonomy":"category","embeddable":true,"href":"https:\/\/informadorweb.com\/index.php?rest_route=%2Fwp%2Fv2%2Fcategories&post=51028"},{"taxonomy":"post_tag","embeddable":true,"href":"https:\/\/informadorweb.com\/index.php?rest_route=%2Fwp%2Fv2%2Ftags&post=51028"}],"curies":[{"name":"wp","href":"https:\/\/api.w.org\/{rel}","templated":true}]}}