{"id":51022,"date":"2026-04-29T09:17:01","date_gmt":"2026-04-29T15:17:01","guid":{"rendered":"https:\/\/informadorweb.com\/?p=51022"},"modified":"2026-04-29T15:17:03","modified_gmt":"2026-04-29T15:17:03","slug":"venezuela-y-colombia-reactivan-conexion-electrica-en-nueva-etapa-de-integracion-bilateral","status":"publish","type":"post","link":"https:\/\/informadorweb.com\/?p=51022","title":{"rendered":"Venezuela y Colombia reactivan conexi\u00f3n el\u00e9ctrica en nueva etapa de integraci\u00f3n bilateral"},"content":{"rendered":"<p>CARACAS, 28 abr (Xinhua) &#8212; Venezuela y Colombia reactivaron este martes su conexi\u00f3n de energ\u00eda el\u00e9ctrica mediante un acuerdo suscrito entre la Corporaci\u00f3n El\u00e9ctrica Nacional (Corpoelec) y el Instituto de Planificaci\u00f3n y Promoci\u00f3n de Soluciones Energ\u00e9ticas para las Zonas No Interconectadas (IPSE), en el marco de una nueva fase de cooperaci\u00f3n binacional. El Ministerio de Energ\u00eda El\u00e9ctrica de Venezuela detall\u00f3 en su canal de Telegram que la conexi\u00f3n energ\u00e9tica se suscita en contexto \u00abde la nueva etapa de integraci\u00f3n binacional\u00bb, luego de que la presidenta encargada de Venezuela, Delcy Rodr\u00edguez, y el mandatario colombiano, Gustavo Petro, se reunieran el pasado viernes y abordaran iniciativas para fortalecer la cooperaci\u00f3n en sectores clave. El convenio busca restablecer la interconexi\u00f3n energ\u00e9tica entre ambos pa\u00edses y avanzar en la normalizaci\u00f3n de compromisos t\u00e9cnicos y operativos, fortaleciendo la alianza institucional entre las partes. El acuerdo tambi\u00e9n forma parte de una visi\u00f3n compartida de integraci\u00f3n regional y soberan\u00eda energ\u00e9tica, en un contexto de reactivaci\u00f3n de mecanismos conjuntos entre Caracas y Bogot\u00e1. Fin<\/p>\n","protected":false},"excerpt":{"rendered":"<p>CARACAS, 28 abr (Xinhua) &#8212; Venezuela y Colombia reactivaron este martes su conexi\u00f3n de energ\u00eda&#8230;<\/p>\n","protected":false},"author":1,"featured_media":0,"comment_status":"closed","ping_status":"closed","sticky":false,"template":"","format":"standard","meta":{"footnotes":""},"categories":[2],"tags":[],"class_list":["post-51022","post","type-post","status-publish","format-standard","hentry","category-internacional"],"_links":{"self":[{"href":"https:\/\/informadorweb.com\/index.php?rest_route=\/wp\/v2\/posts\/51022","targetHints":{"allow":["GET"]}}],"collection":[{"href":"https:\/\/informadorweb.com\/index.php?rest_route=\/wp\/v2\/posts"}],"about":[{"href":"https:\/\/informadorweb.com\/index.php?rest_route=\/wp\/v2\/types\/post"}],"author":[{"embeddable":true,"href":"https:\/\/informadorweb.com\/index.php?rest_route=\/wp\/v2\/users\/1"}],"replies":[{"embeddable":true,"href":"https:\/\/informadorweb.com\/index.php?rest_route=%2Fwp%2Fv2%2Fcomments&post=51022"}],"version-history":[{"count":1,"href":"https:\/\/informadorweb.com\/index.php?rest_route=\/wp\/v2\/posts\/51022\/revisions"}],"predecessor-version":[{"id":51023,"href":"https:\/\/informadorweb.com\/index.php?rest_route=\/wp\/v2\/posts\/51022\/revisions\/51023"}],"wp:attachment":[{"href":"https:\/\/informadorweb.com\/index.php?rest_route=%2Fwp%2Fv2%2Fmedia&parent=51022"}],"wp:term":[{"taxonomy":"category","embeddable":true,"href":"https:\/\/informadorweb.com\/index.php?rest_route=%2Fwp%2Fv2%2Fcategories&post=51022"},{"taxonomy":"post_tag","embeddable":true,"href":"https:\/\/informadorweb.com\/index.php?rest_route=%2Fwp%2Fv2%2Ftags&post=51022"}],"curies":[{"name":"wp","href":"https:\/\/api.w.org\/{rel}","templated":true}]}}