{"id":51006,"date":"2026-04-29T09:14:40","date_gmt":"2026-04-29T15:14:40","guid":{"rendered":"https:\/\/informadorweb.com\/?p=51006"},"modified":"2026-04-29T15:14:41","modified_gmt":"2026-04-29T15:14:41","slug":"presidente-uruguayo-promete-endurecer-seguridad-tras-muerte-de-bebe-durante-tiroteo","status":"publish","type":"post","link":"https:\/\/informadorweb.com\/?p=51006","title":{"rendered":"Presidente uruguayo promete endurecer seguridad tras muerte de beb\u00e9 durante tiroteo"},"content":{"rendered":"<p>MONTEVIDEO, 28 abr (Xinhua) &#8212; El presidente de Uruguay, Yamand\u00fa Orsi, prometi\u00f3 este martes redoblar la respuesta estatal frente a la violencia criminal en el pa\u00eds, luego de que un beb\u00e9 de un a\u00f1o muriera en un ataque a balazos en Montevideo que, seg\u00fan la principal hip\u00f3tesis policial, estar\u00eda vinculado a un enfrentamiento entre narcotraficantes. \u00abDe poco vale saber cu\u00e1l fue el motivo (&#8230;) Hay una cosa que est\u00e1 clara, no le vamos a aflojar, no hay que aflojar, al rev\u00e9s, lejos de amedrentarse lo que hay que hacer ac\u00e1 es apretar el acelerador\u00bb, subray\u00f3 el mandatario en declaraciones a la prensa. Orsi calific\u00f3 el suceso como \u00abterrible\u00bb y sostuvo que el problema central es, m\u00e1s que un hecho puntual, \u00abuna violencia que crece\u00bb y que refleja un deterioro social m\u00e1s amplio. El episodio ocurri\u00f3 la noche del lunes en el barrio Col\u00f3n, en el noroeste de la capital, donde se desat\u00f3 una balacera en la que tambi\u00e9n result\u00f3 herido el padre del menor, un uruguayo de 24 a\u00f1os que permanece estable tras recibir tres disparos. La polic\u00eda trabaja sobre la hip\u00f3tesis de un ajuste de cuentas entre grupos vinculados al narcotr\u00e1fico. Ante esto, Orsi advirti\u00f3 que el pa\u00eds enfrenta niveles de violencia \u00abdemasiados altos\u00bb, por lo que se debe abordar de manera estructural que combine seguridad, pol\u00edticas sociales y prevenci\u00f3n y no solo mediante el despliegue de \u00ab5.000 o 10.000 polic\u00edas m\u00e1s\u00bb. En la \u00faltima d\u00e9cada, Uruguay ha registrado un aumento sostenido de homicidios asociados al narcotr\u00e1fico, mientras que la seguridad p\u00fablica figura desde hace a\u00f1os como la principal preocupaci\u00f3n de los uruguayos, seg\u00fan distintas encuestas de opini\u00f3n p\u00fablica. Fin<\/p>\n","protected":false},"excerpt":{"rendered":"<p>MONTEVIDEO, 28 abr (Xinhua) &#8212; El presidente de Uruguay, Yamand\u00fa Orsi, prometi\u00f3 este martes redoblar&#8230;<\/p>\n","protected":false},"author":1,"featured_media":0,"comment_status":"closed","ping_status":"closed","sticky":false,"template":"","format":"standard","meta":{"footnotes":""},"categories":[2],"tags":[],"class_list":["post-51006","post","type-post","status-publish","format-standard","hentry","category-internacional"],"_links":{"self":[{"href":"https:\/\/informadorweb.com\/index.php?rest_route=\/wp\/v2\/posts\/51006","targetHints":{"allow":["GET"]}}],"collection":[{"href":"https:\/\/informadorweb.com\/index.php?rest_route=\/wp\/v2\/posts"}],"about":[{"href":"https:\/\/informadorweb.com\/index.php?rest_route=\/wp\/v2\/types\/post"}],"author":[{"embeddable":true,"href":"https:\/\/informadorweb.com\/index.php?rest_route=\/wp\/v2\/users\/1"}],"replies":[{"embeddable":true,"href":"https:\/\/informadorweb.com\/index.php?rest_route=%2Fwp%2Fv2%2Fcomments&post=51006"}],"version-history":[{"count":1,"href":"https:\/\/informadorweb.com\/index.php?rest_route=\/wp\/v2\/posts\/51006\/revisions"}],"predecessor-version":[{"id":51007,"href":"https:\/\/informadorweb.com\/index.php?rest_route=\/wp\/v2\/posts\/51006\/revisions\/51007"}],"wp:attachment":[{"href":"https:\/\/informadorweb.com\/index.php?rest_route=%2Fwp%2Fv2%2Fmedia&parent=51006"}],"wp:term":[{"taxonomy":"category","embeddable":true,"href":"https:\/\/informadorweb.com\/index.php?rest_route=%2Fwp%2Fv2%2Fcategories&post=51006"},{"taxonomy":"post_tag","embeddable":true,"href":"https:\/\/informadorweb.com\/index.php?rest_route=%2Fwp%2Fv2%2Ftags&post=51006"}],"curies":[{"name":"wp","href":"https:\/\/api.w.org\/{rel}","templated":true}]}}