{"id":51000,"date":"2026-04-29T09:13:37","date_gmt":"2026-04-29T15:13:37","guid":{"rendered":"https:\/\/informadorweb.com\/?p=51000"},"modified":"2026-04-29T15:13:38","modified_gmt":"2026-04-29T15:13:38","slug":"nicaragua-conmemora-dia-del-heroe-internacionalista","status":"publish","type":"post","link":"https:\/\/informadorweb.com\/?p=51000","title":{"rendered":"Nicaragua conmemora D\u00eda del H\u00e9roe Internacionalista"},"content":{"rendered":"<p>MANAGUA, 28 abr (Xinhua) &#8212; Nicaragua conmemor\u00f3 hoy martes el D\u00eda del H\u00e9roe Internacionalista con una sesi\u00f3n especial en la Asamblea Nacional (Parlamento), donde autoridades y participantes rindieron homenaje a figuras que han defendido la paz y la solidaridad entre los pueblos. El activista pacifista y veterano de guerra Brian Willson fue el invitado central. Durante su intervenci\u00f3n, comparti\u00f3 experiencias vividas en la Guerra de Vietnam y en Nicaragua en 1986, marcadas por la violencia y sus consecuencias humanas. Willson relat\u00f3 los bombardeos en Vietnam, la magnitud de las v\u00edctimas y la destrucci\u00f3n. \u00abEstuve llorando. No sab\u00eda por qu\u00e9 ni qu\u00e9 hacer. Estuve en shock y el hermano gu\u00eda en Vietnam me pregunt\u00f3: &#8216;\u00bfPor qu\u00e9 est\u00e1s llorando?&#8217; Estuve en shock incluso de la pregunta que me hizo porque yo no sab\u00eda d\u00f3nde estaba\u00bb, dijo. El activista record\u00f3 el momento en que vio a una mujer abrazando a tres ni\u00f1os, escena que lo hizo pensar en su propia familia y que describi\u00f3 como emocionalmente devastadora. \u00abFue la primera vez que entend\u00ed que todos somos un solo pueblo, todos somos hermanas, hermanos, de este planeta\u00bb, expres\u00f3 Willson. \u00abEntender el mundo de donde yo vengo, de Estados Unidos, la ideolog\u00eda, pensar que somos seres superiores, fue algo impactante y entend\u00ed por primera vez lo que es buscar en el mundo la paz\u00bb, agreg\u00f3. Explic\u00f3, esa experiencia transform\u00f3 su vida. A su regreso a Estados Unidos, investig\u00f3 la historia de los pueblos ind\u00edgenas y afrodescendientes, lo cual le permiti\u00f3 comprender las ra\u00edces de la desigualdad y la violencia en su pa\u00eds. En 1986 viaj\u00f3 a Nicaragua, donde conoci\u00f3 de primera mano los efectos de la guerra y los ataques contra comunidades civiles, lo que le evoc\u00f3 la tragedia vietnamita. Motivado por ello, se uni\u00f3 a otros veteranos para protestar contra las pol\u00edticas del entonces presidente estadounidense, Ronald Reagan, hacia Nicaragua. \u00abY en ese momento de prepararnos perd\u00ed mi miedo a la muerte sabiendo que a Reagan ten\u00edamos que enfrentarlo, ten\u00edamos que hacer protesta y ese momento en la preparaci\u00f3n perd\u00ed el miedo a la muerte, perd\u00ed el miedo a tener miedo\u00bb, mencion\u00f3. Willson particip\u00f3 en una huelga de hambre de 47 d\u00edas contra el financiamiento estadounidense a la guerra en Nicaragua. Durante una protesta para impedir el paso de un tren con municiones, sufri\u00f3 un grave accidente que le provoc\u00f3 la p\u00e9rdida de sus extremidades inferiores. \u00abNo me siento h\u00e9roe (&#8230;) lo que me ha conmovido son los hechos de esta vida y que me ha dado la empat\u00eda, entiendo el sufrimiento, el dolor que sienten los dem\u00e1s y creo que todos, como humanos, deber\u00edamos sentir lo mismo por los dem\u00e1s\u00bb, dijo el activista. \u00abPara m\u00ed es un deber, la empat\u00eda, la solidaridad y entender a los humanos. Para m\u00ed, el pueblo de Nicaragua es heroico, as\u00ed como el pueblo de Vietnam, estos dos pueblos son los que me inspiraron a luchar en contra del imperialismo\u00bb, puntualiz\u00f3. Willson, conocido en Nicaragua como \u00abh\u00e9roe de la solidaridad\u00bb, fue ovacionado en el hemiciclo, donde diputados y miembros de la Juventud Sandinista 19 de Julio entonaron consignas y ondearon banderas nacionales. \u00abSomos nosotros los que agradecemos con todo el coraz\u00f3n, con todo el cari\u00f1o, es la juventud nicarag\u00fcense la que te agradece y te admira, es esta revoluci\u00f3n la que te agradece, es esa solidaridad que tienes la que nosotros queremos, reconocemos y necesitamos\u00bb, dijo Gustavo Porras, presidente de la junta directiva de la Asamblea Nacional. La conmemoraci\u00f3n tiene como antecedente la aprobaci\u00f3n, el pasado viernes, de una ley que declara el 28 de abril como D\u00eda del H\u00e9roe Internacionalista, en memoria del estadounidense Benjamin Linder, asesinado el 28 de abril de 1987 en Nicaragua y recordado como s\u00edmbolo de lucha contra la injusticia. Fin<\/p>\n","protected":false},"excerpt":{"rendered":"<p>MANAGUA, 28 abr (Xinhua) &#8212; Nicaragua conmemor\u00f3 hoy martes el D\u00eda del H\u00e9roe Internacionalista con&#8230;<\/p>\n","protected":false},"author":1,"featured_media":0,"comment_status":"closed","ping_status":"closed","sticky":false,"template":"","format":"standard","meta":{"footnotes":""},"categories":[2],"tags":[],"class_list":["post-51000","post","type-post","status-publish","format-standard","hentry","category-internacional"],"_links":{"self":[{"href":"https:\/\/informadorweb.com\/index.php?rest_route=\/wp\/v2\/posts\/51000","targetHints":{"allow":["GET"]}}],"collection":[{"href":"https:\/\/informadorweb.com\/index.php?rest_route=\/wp\/v2\/posts"}],"about":[{"href":"https:\/\/informadorweb.com\/index.php?rest_route=\/wp\/v2\/types\/post"}],"author":[{"embeddable":true,"href":"https:\/\/informadorweb.com\/index.php?rest_route=\/wp\/v2\/users\/1"}],"replies":[{"embeddable":true,"href":"https:\/\/informadorweb.com\/index.php?rest_route=%2Fwp%2Fv2%2Fcomments&post=51000"}],"version-history":[{"count":1,"href":"https:\/\/informadorweb.com\/index.php?rest_route=\/wp\/v2\/posts\/51000\/revisions"}],"predecessor-version":[{"id":51001,"href":"https:\/\/informadorweb.com\/index.php?rest_route=\/wp\/v2\/posts\/51000\/revisions\/51001"}],"wp:attachment":[{"href":"https:\/\/informadorweb.com\/index.php?rest_route=%2Fwp%2Fv2%2Fmedia&parent=51000"}],"wp:term":[{"taxonomy":"category","embeddable":true,"href":"https:\/\/informadorweb.com\/index.php?rest_route=%2Fwp%2Fv2%2Fcategories&post=51000"},{"taxonomy":"post_tag","embeddable":true,"href":"https:\/\/informadorweb.com\/index.php?rest_route=%2Fwp%2Fv2%2Ftags&post=51000"}],"curies":[{"name":"wp","href":"https:\/\/api.w.org\/{rel}","templated":true}]}}