{"id":50998,"date":"2026-04-29T09:13:17","date_gmt":"2026-04-29T15:13:17","guid":{"rendered":"https:\/\/informadorweb.com\/?p=50998"},"modified":"2026-04-29T15:13:17","modified_gmt":"2026-04-29T15:13:17","slug":"capturan-en-colombia-a-presunto-lider-disidente-de-las-farc-vinculado-a-atentado-con-20-muertos","status":"publish","type":"post","link":"https:\/\/informadorweb.com\/?p=50998","title":{"rendered":"Capturan en Colombia a presunto l\u00edder disidente de las FARC vinculado a atentado con 20 muertos"},"content":{"rendered":"<p>BOGOT\u00c1, 28 abr (Xinhua) &#8212; La Polic\u00eda Nacional de Colombia confirm\u00f3 este martes la captura de Alex Vitonco Andela, alias \u00abDavid\u00bb o \u00abMi Pez\u00bb, presunto l\u00edder de una estructura disidente de las extintas Fuerzas Armadas Revolucionarias de Colombia (FARC) y se\u00f1alado como responsable del atentado registrado el fin de semana en el suroccidente del pa\u00eds que dej\u00f3 20 muertos y 38 heridos. \u00abLa captura de este terrorista la efectuamos en una operaci\u00f3n que se llev\u00f3 a cabo entre el municipio de Palmira y Palo Alto (departamento Valle del Cauca). All\u00ed, junto al Ej\u00e9rcito y la Fiscal\u00eda, encontramos a este sujeto con su compa\u00f1era sentimental y varios escoltas que lograron emprender la fuga\u00bb, dijo el director de la Polic\u00eda Nacional, William Rinc\u00f3n. Seg\u00fan el mando policial, el detenido cuenta con m\u00e1s de 20 a\u00f1os de trayectoria criminal y es considerado uno de los l\u00edderes m\u00e1s violentos de este grupo armado. \u00c9l es el responsable de lo ocurrido el 25 de abril en el sector \u00abEl T\u00fanel\u00bb en Cajib\u00edo, en la v\u00eda Panamericana, donde dej\u00f3 un saldo mortal de 20 v\u00edctimas y 38 heridos, precis\u00f3 Rinc\u00f3n. Agreg\u00f3 que el capturado hace parte del c\u00edrculo cercano de alias \u00abIv\u00e1n Mordisco\u00bb, considerado el principal objetivo de las autoridades dentro de esta facci\u00f3n armada. Asimismo, se\u00f1al\u00f3 que alias \u00abDavid\u00bb ser\u00eda responsable de m\u00e1s de 40 ataques contra la poblaci\u00f3n civil y uno de los principales traficantes de drogas desde el suroeste de Colombia hacia Panam\u00e1 y Estados Unidos. Seg\u00fan informaci\u00f3n oficial, el detenido comandaba a unos 600 hombres armados en los departamentos de Cauca, Valle del Cauca, Huila y Nari\u00f1o. Fin<\/p>\n","protected":false},"excerpt":{"rendered":"<p>BOGOT\u00c1, 28 abr (Xinhua) &#8212; La Polic\u00eda Nacional de Colombia confirm\u00f3 este martes la captura&#8230;<\/p>\n","protected":false},"author":1,"featured_media":0,"comment_status":"closed","ping_status":"closed","sticky":false,"template":"","format":"standard","meta":{"footnotes":""},"categories":[2],"tags":[],"class_list":["post-50998","post","type-post","status-publish","format-standard","hentry","category-internacional"],"_links":{"self":[{"href":"https:\/\/informadorweb.com\/index.php?rest_route=\/wp\/v2\/posts\/50998","targetHints":{"allow":["GET"]}}],"collection":[{"href":"https:\/\/informadorweb.com\/index.php?rest_route=\/wp\/v2\/posts"}],"about":[{"href":"https:\/\/informadorweb.com\/index.php?rest_route=\/wp\/v2\/types\/post"}],"author":[{"embeddable":true,"href":"https:\/\/informadorweb.com\/index.php?rest_route=\/wp\/v2\/users\/1"}],"replies":[{"embeddable":true,"href":"https:\/\/informadorweb.com\/index.php?rest_route=%2Fwp%2Fv2%2Fcomments&post=50998"}],"version-history":[{"count":1,"href":"https:\/\/informadorweb.com\/index.php?rest_route=\/wp\/v2\/posts\/50998\/revisions"}],"predecessor-version":[{"id":50999,"href":"https:\/\/informadorweb.com\/index.php?rest_route=\/wp\/v2\/posts\/50998\/revisions\/50999"}],"wp:attachment":[{"href":"https:\/\/informadorweb.com\/index.php?rest_route=%2Fwp%2Fv2%2Fmedia&parent=50998"}],"wp:term":[{"taxonomy":"category","embeddable":true,"href":"https:\/\/informadorweb.com\/index.php?rest_route=%2Fwp%2Fv2%2Fcategories&post=50998"},{"taxonomy":"post_tag","embeddable":true,"href":"https:\/\/informadorweb.com\/index.php?rest_route=%2Fwp%2Fv2%2Ftags&post=50998"}],"curies":[{"name":"wp","href":"https:\/\/api.w.org\/{rel}","templated":true}]}}