{"id":50994,"date":"2026-04-29T09:12:47","date_gmt":"2026-04-29T15:12:47","guid":{"rendered":"https:\/\/informadorweb.com\/?p=50994"},"modified":"2026-04-29T15:12:48","modified_gmt":"2026-04-29T15:12:48","slug":"lideres-de-ccg-rechazan-medidas-de-iran-para-cerrar-el-estrecho-de-ormuz","status":"publish","type":"post","link":"https:\/\/informadorweb.com\/?p=50994","title":{"rendered":"L\u00edderes de CCG rechazan medidas de Ir\u00e1n para cerrar el estrecho de Ormuz"},"content":{"rendered":"<p>RIAD, 28 abr (Xinhua) &#8211;El secretario general del Consejo de Cooperaci\u00f3n del Golfo (CCG), Jasem Mohamed Albudaiwi, afirm\u00f3 hoy martes que los Estados miembros del CCG rechazaron las medidas ilegales de Ir\u00e1n para cerrar el estrecho de Ormuz y obstruir la navegaci\u00f3n por esta ruta mar\u00edtima. El comunicado fue emitido en la 19\u00aa Reuni\u00f3n Consultiva de los l\u00edderes del CCG celebrada hoy en la ciudad portuaria saud\u00ed de Yidda. Albudaiwi coment\u00f3 que los l\u00edderes tambi\u00e9n rechazaron todas las medidas que puedan afectar negativamente la navegaci\u00f3n a trav\u00e9s del estrecho, incluyendo imponer tarifas a los buques que lo transitan. Los l\u00edderes remarcaron la necesidad de reanudar la seguridad y la libertad de navegaci\u00f3n en el estrecho y de regresar a las condiciones existentes antes del 28 de febrero, a\u00f1adi\u00f3 el l\u00edder del CCG. Albudaiwi se\u00f1al\u00f3 que los l\u00edderes del CCG instruyeron a la secretar\u00eda general del CCG para que agilice la finalizaci\u00f3n de los requisitos para todos los proyectos conjuntos del CCG que incluyen servicios de log\u00edstica y transporte, as\u00ed como acelerar la implementaci\u00f3n del proyecto ferroviario del CCG. El secretario general del CCG agreg\u00f3 que los l\u00edderes del CCG tambi\u00e9n subrayaron la necesidad de tomar medidas para establecer un oleoducto y un gaseoducto, as\u00ed como un proyecto de interconexi\u00f3n h\u00eddrica. Tambi\u00e9n pidieron impulsar los estudios para establecer \u00e1reas de reservas estrat\u00e9gicas para el CCG. Albudaiwi agreg\u00f3 que los l\u00edderes remarcaron la importancia de intensificar la integraci\u00f3n militar entre los Estados miembros y de acelerar la conclusi\u00f3n de un sistema de alerta temprana contra misiles bal\u00edsticos. El jefe del CCG dijo que en la reuni\u00f3n se discuti\u00f3 la situaci\u00f3n regional actual, particularmente la escalada regional y los ataques de Ir\u00e1n contra Estados miembros del CCG y contra Jordania. Los l\u00edderes hicieron hincapi\u00e9 en la necesidad de establecer una v\u00eda diplom\u00e1tica para finalizar la crisis y cimentar el camino para los acuerdos y entendimientos que atiendan las preocupaciones de los Estados miembros del CCG y fortalezcan la estabilidad y la seguridad a largo plazo. El 28 de febrero, Israel y Estados Unidos lanzaron ataques conjuntos contra Teher\u00e1n y otras ciudades iran\u00edes durante los cuales muri\u00f3 al entonces l\u00edder supremo del pa\u00eds, Ali Jamenei, altos comandantes y civiles. Ir\u00e1n respondi\u00f3 con oleadas de ataques con misiles y drones contra Israel e intereses de Estados Unidos en Medio Oriente, as\u00ed como con un control m\u00e1s severo del estrecho de Ormuz. Un alto el fuego entre las partes beligerantes entr\u00f3 en vigor el 8 de abril, seguido de largas conversaciones entre las delegaciones iran\u00ed y estadounidense en la capital de Pakist\u00e1n, Islamabad, las cuales no lograron conducir a un acuerdo. Posteriormente, Estados Unidos impuso su propio bloqueo a la v\u00eda navegable. Fin<\/p>\n","protected":false},"excerpt":{"rendered":"<p>RIAD, 28 abr (Xinhua) &#8211;El secretario general del Consejo de Cooperaci\u00f3n del Golfo (CCG), Jasem&#8230;<\/p>\n","protected":false},"author":1,"featured_media":0,"comment_status":"closed","ping_status":"closed","sticky":false,"template":"","format":"standard","meta":{"footnotes":""},"categories":[2],"tags":[],"class_list":["post-50994","post","type-post","status-publish","format-standard","hentry","category-internacional"],"_links":{"self":[{"href":"https:\/\/informadorweb.com\/index.php?rest_route=\/wp\/v2\/posts\/50994","targetHints":{"allow":["GET"]}}],"collection":[{"href":"https:\/\/informadorweb.com\/index.php?rest_route=\/wp\/v2\/posts"}],"about":[{"href":"https:\/\/informadorweb.com\/index.php?rest_route=\/wp\/v2\/types\/post"}],"author":[{"embeddable":true,"href":"https:\/\/informadorweb.com\/index.php?rest_route=\/wp\/v2\/users\/1"}],"replies":[{"embeddable":true,"href":"https:\/\/informadorweb.com\/index.php?rest_route=%2Fwp%2Fv2%2Fcomments&post=50994"}],"version-history":[{"count":1,"href":"https:\/\/informadorweb.com\/index.php?rest_route=\/wp\/v2\/posts\/50994\/revisions"}],"predecessor-version":[{"id":50995,"href":"https:\/\/informadorweb.com\/index.php?rest_route=\/wp\/v2\/posts\/50994\/revisions\/50995"}],"wp:attachment":[{"href":"https:\/\/informadorweb.com\/index.php?rest_route=%2Fwp%2Fv2%2Fmedia&parent=50994"}],"wp:term":[{"taxonomy":"category","embeddable":true,"href":"https:\/\/informadorweb.com\/index.php?rest_route=%2Fwp%2Fv2%2Fcategories&post=50994"},{"taxonomy":"post_tag","embeddable":true,"href":"https:\/\/informadorweb.com\/index.php?rest_route=%2Fwp%2Fv2%2Ftags&post=50994"}],"curies":[{"name":"wp","href":"https:\/\/api.w.org\/{rel}","templated":true}]}}