{"id":50990,"date":"2026-04-29T09:12:10","date_gmt":"2026-04-29T15:12:10","guid":{"rendered":"https:\/\/informadorweb.com\/?p=50990"},"modified":"2026-04-29T15:12:11","modified_gmt":"2026-04-29T15:12:11","slug":"presidente-de-brasil-promulga-acuerdo-de-libre-comercio-mercosur-union-europea","status":"publish","type":"post","link":"https:\/\/informadorweb.com\/?p=50990","title":{"rendered":"Presidente de Brasil promulga acuerdo de libre comercio Mercosur-Uni\u00f3n Europea"},"content":{"rendered":"<p>BRASILIA, 28 abr (Xinhua) &#8212; El presidente de Brasil, Luiz In\u00e1cio Lula da Silva, firm\u00f3 este martes el decreto que promulga el acuerdo de libre comercio entre el Mercado Com\u00fan del Sur (Mercosur) y la Uni\u00f3n Europea (UE), un paso clave hacia la conformaci\u00f3n de una de las mayores zonas comerciales del mundo. El acuerdo comercial, que hab\u00eda sido aprobado antes por el Congreso brasile\u00f1o, comenzar\u00e1 a entrar en vigor de manera gradual a partir del 1 de mayo. Al firmar el decreto en el Palacio de Planalto, acompa\u00f1ado de otras altas autoridades y representantes parlamentarios, Lula resalt\u00f3 que el acuerdo lleg\u00f3 luego de un largo proceso. \u00abEste acuerdo se hizo a hierro, sudor y sangre, porque hay muchos intereses que intentan impedir que Brasil crezca y dispute espacio. Llega en un momento muy importante, al reforzar la idea consagrada del multilateralismo\u00bb, declar\u00f3. \u00abDespu\u00e9s de que el presidente (estadounidense Donald) Trump tom\u00f3 las medidas que tom\u00f3, practicando grav\u00e1menes de forma unilateral contra el mundo entero, la respuesta que la Uni\u00f3n Europea y Brasil le dieron al mundo es que no existe nada mejor que creer en el ejercicio de la democracia, en el multilateralismo y en la relaci\u00f3n cordial entre las naciones\u00bb, dijo. Destac\u00f3 que el acuerdo es un ejemplo, y que podr\u00e1 ser seguido de otros, como los que est\u00e1n siendo negociados con Singapur y Canad\u00e1, y tambi\u00e9n la posibilidad de que Colombia se integre al Mercosur. El tratado, firmado el 17 de enero \u00faltimo en Paraguay, tras m\u00e1s de 25 a\u00f1os de negociaciones, prev\u00e9 la reducci\u00f3n o eliminaci\u00f3n progresiva de aranceles que abarcan m\u00e1s del 90 por ciento del intercambio entre ambos bloques. La iniciativa integrar\u00e1 un mercado de m\u00e1s de 700 millones de personas, conectando el Mercosur -Brasil, Argentina, Paraguay y Uruguay, con Bolivia en proceso de adhesi\u00f3n plena &#8211; con la zona del euro, y potenciando el flujo de bienes y capitales. Tras d\u00e9cadas de negociaci\u00f3n, los bloques concluyeron los procedimientos internos, que permitieron el inicio de la reducci\u00f3n gradual de aranceles. En una primera etapa, comienza a regir la esfera comercial del acuerdo que promueve, entre otras cosas, la reducci\u00f3n de aranceles, compras gubernamentales y facilitaci\u00f3n del comercio. Fin<\/p>\n","protected":false},"excerpt":{"rendered":"<p>BRASILIA, 28 abr (Xinhua) &#8212; El presidente de Brasil, Luiz In\u00e1cio Lula da Silva, firm\u00f3&#8230;<\/p>\n","protected":false},"author":1,"featured_media":0,"comment_status":"closed","ping_status":"closed","sticky":false,"template":"","format":"standard","meta":{"footnotes":""},"categories":[2],"tags":[],"class_list":["post-50990","post","type-post","status-publish","format-standard","hentry","category-internacional"],"_links":{"self":[{"href":"https:\/\/informadorweb.com\/index.php?rest_route=\/wp\/v2\/posts\/50990","targetHints":{"allow":["GET"]}}],"collection":[{"href":"https:\/\/informadorweb.com\/index.php?rest_route=\/wp\/v2\/posts"}],"about":[{"href":"https:\/\/informadorweb.com\/index.php?rest_route=\/wp\/v2\/types\/post"}],"author":[{"embeddable":true,"href":"https:\/\/informadorweb.com\/index.php?rest_route=\/wp\/v2\/users\/1"}],"replies":[{"embeddable":true,"href":"https:\/\/informadorweb.com\/index.php?rest_route=%2Fwp%2Fv2%2Fcomments&post=50990"}],"version-history":[{"count":1,"href":"https:\/\/informadorweb.com\/index.php?rest_route=\/wp\/v2\/posts\/50990\/revisions"}],"predecessor-version":[{"id":50991,"href":"https:\/\/informadorweb.com\/index.php?rest_route=\/wp\/v2\/posts\/50990\/revisions\/50991"}],"wp:attachment":[{"href":"https:\/\/informadorweb.com\/index.php?rest_route=%2Fwp%2Fv2%2Fmedia&parent=50990"}],"wp:term":[{"taxonomy":"category","embeddable":true,"href":"https:\/\/informadorweb.com\/index.php?rest_route=%2Fwp%2Fv2%2Fcategories&post=50990"},{"taxonomy":"post_tag","embeddable":true,"href":"https:\/\/informadorweb.com\/index.php?rest_route=%2Fwp%2Fv2%2Ftags&post=50990"}],"curies":[{"name":"wp","href":"https:\/\/api.w.org\/{rel}","templated":true}]}}