{"id":50978,"date":"2026-04-29T09:10:26","date_gmt":"2026-04-29T15:10:26","guid":{"rendered":"https:\/\/informadorweb.com\/?p=50978"},"modified":"2026-04-29T15:10:27","modified_gmt":"2026-04-29T15:10:27","slug":"especial-caatinga-bioma-brasileno-marcado-por-sequia-es-escenario-para-energia-solar","status":"publish","type":"post","link":"https:\/\/informadorweb.com\/?p=50978","title":{"rendered":"Especial: Caatinga, bioma brasile\u00f1o marcado por sequ\u00eda es escenario para energ\u00eda solar"},"content":{"rendered":"<p>SAO PAULO, 28 abr (Xinhua) &#8212; La Caatinga, el bioma que domina la regi\u00f3n \u00e1rida del noreste de Brasil y marcada por sequ\u00edas, se ha convertido en el gran escenario de la revoluci\u00f3n de la energ\u00eda fotovoltaica en el pa\u00eds, en un contexto de crecientes desaf\u00edos ambientales. En el D\u00eda Nacional de la Caatinga, celebrado cada 28 de abril, el ecosistema, \u00fanico que es exclusivo brasile\u00f1o, gana protagonismo tanto por su papel en la transici\u00f3n energ\u00e9tica, como por su importancia estrat\u00e9gica frente al cambio clim\u00e1tico. Datos de la plataforma acad\u00e9mica y cient\u00edfica MapBiomas indican que la Caatinga concentra el 62 por ciento de las \u00e1reas ocupadas por instalaciones fotovoltaicas en Brasil, con 21.800 hect\u00e1reas cubiertas por paneles solares en 2024. La zona, marcada por paisajes \u00e1ridos y poblaciones que siempre sufrieron la escasez de lluvias y aguas, se destaca como el bioma m\u00e1s eficiente de Brasil en la captaci\u00f3n de carbono. Investigaciones del Instituto Nacional del Semi\u00e1rido (INSA) indican que puede retirar de la atm\u00f3sfera cada a\u00f1o hasta siete toneladas de di\u00f3xido de carbono por hect\u00e1rea. \u00abCuando la vegetaci\u00f3n est\u00e1 preservada, el carbono se almacena en las plantas y en el suelo, pero la deforestaci\u00f3n y el manejo inadecuado generan degradaci\u00f3n ambiental y agravan el cambio clim\u00e1tico\u00bb, se\u00f1al\u00f3 Aldrin P\u00e9rez Marin, investigador del INSA y coordinador del Observatorio de la Caatinga y Desertificaci\u00f3n. El bioma tambi\u00e9n alberga una rica biodiversidad, con m\u00e1s de 3.000 especies de plantas y cerca de 1.800 especies de animales, muchas de ellas end\u00e9micas. Algunos especialistas advierten que la Caatinga contin\u00faa enfrentando desinformaci\u00f3n y una hist\u00f3rica falta de reconocimiento institucional. \u00abLa Caatinga pasa por un proceso de desvalorizaci\u00f3n, en gran parte por el desconocimiento de su riqueza biol\u00f3gica y cultural. Existe una visi\u00f3n estigmatizada que la presenta como un ambiente pobre en biodiversidad y marcado solo por la escasez h\u00eddrica, lo que la vuelve invisible en t\u00e9rminos de pol\u00edticas p\u00fablicas\u00bb, afirm\u00f3 a Xinhua el coordinador general de la Asociaci\u00f3n Caatinga, Daniel Fernandes. El especialista a\u00f1adi\u00f3 que, a diferencia de otros ecosistemas brasile\u00f1os, esa \u00e1rea no fue incluida como Patrimonio Nacional en la Constituci\u00f3n, lo que evidencia una menor visibilidad institucional. \u00abAdem\u00e1s, figura entre los biomas m\u00e1s vulnerables al cambio clim\u00e1tico y fue el tercero m\u00e1s deforestado del pa\u00eds en los \u00faltimos a\u00f1os, seg\u00fan MapBiomas, detr\u00e1s de la sabana brasile\u00f1a, conocida como Cerrado, y la Amazonia\u00bb, agreg\u00f3 el experto. \u00abEstamos intensificando la fiscalizaci\u00f3n, invirtiendo en educaci\u00f3n ambiental y fortaleciendo alianzas para combatir delitos ambientales y promover el desarrollo sostenible\u00bb, afirm\u00f3 el secretario de Medio Ambiente de Piau\u00ed, Feliphe Ara\u00fajo. Estados como Bah\u00eda avanzan en pol\u00edticas p\u00fablicas integradas que articulan gesti\u00f3n del agua, conservaci\u00f3n de la biodiversidad, ordenamiento territorial y planificaci\u00f3n clim\u00e1tica. Ante ese escenario, el Gobierno brasile\u00f1o impulsa el Plan de Acci\u00f3n para la Prevenci\u00f3n y Control de la Deforestaci\u00f3n y las Quemadas en la Caatinga, con ejecuci\u00f3n entre 2024 y 2027, con el objetivo de coordinar pol\u00edticas ambientales, sociales y econ\u00f3micas, mediante el Ministerio de Medio Ambiente. La Caatinga tambi\u00e9n gan\u00f3 visibilidad internacional durante la Conferencia de las Naciones Unidas sobre el Cambio Clim\u00e1tico (COP30), celebrada en 2025 en Bel\u00e9m, estado amaz\u00f3nico de Par\u00e1, donde se discutieron mecanismos de financiamiento para su conservaci\u00f3n. Fin<\/p>\n","protected":false},"excerpt":{"rendered":"<p>SAO PAULO, 28 abr (Xinhua) &#8212; La Caatinga, el bioma que domina la regi\u00f3n \u00e1rida&#8230;<\/p>\n","protected":false},"author":1,"featured_media":0,"comment_status":"closed","ping_status":"closed","sticky":false,"template":"","format":"standard","meta":{"footnotes":""},"categories":[2],"tags":[],"class_list":["post-50978","post","type-post","status-publish","format-standard","hentry","category-internacional"],"_links":{"self":[{"href":"https:\/\/informadorweb.com\/index.php?rest_route=\/wp\/v2\/posts\/50978","targetHints":{"allow":["GET"]}}],"collection":[{"href":"https:\/\/informadorweb.com\/index.php?rest_route=\/wp\/v2\/posts"}],"about":[{"href":"https:\/\/informadorweb.com\/index.php?rest_route=\/wp\/v2\/types\/post"}],"author":[{"embeddable":true,"href":"https:\/\/informadorweb.com\/index.php?rest_route=\/wp\/v2\/users\/1"}],"replies":[{"embeddable":true,"href":"https:\/\/informadorweb.com\/index.php?rest_route=%2Fwp%2Fv2%2Fcomments&post=50978"}],"version-history":[{"count":1,"href":"https:\/\/informadorweb.com\/index.php?rest_route=\/wp\/v2\/posts\/50978\/revisions"}],"predecessor-version":[{"id":50979,"href":"https:\/\/informadorweb.com\/index.php?rest_route=\/wp\/v2\/posts\/50978\/revisions\/50979"}],"wp:attachment":[{"href":"https:\/\/informadorweb.com\/index.php?rest_route=%2Fwp%2Fv2%2Fmedia&parent=50978"}],"wp:term":[{"taxonomy":"category","embeddable":true,"href":"https:\/\/informadorweb.com\/index.php?rest_route=%2Fwp%2Fv2%2Fcategories&post=50978"},{"taxonomy":"post_tag","embeddable":true,"href":"https:\/\/informadorweb.com\/index.php?rest_route=%2Fwp%2Fv2%2Ftags&post=50978"}],"curies":[{"name":"wp","href":"https:\/\/api.w.org\/{rel}","templated":true}]}}