{"id":50966,"date":"2026-04-29T09:08:33","date_gmt":"2026-04-29T15:08:33","guid":{"rendered":"https:\/\/informadorweb.com\/?p=50966"},"modified":"2026-04-29T15:08:34","modified_gmt":"2026-04-29T15:08:34","slug":"balanza-comercial-es-positiva-para-mexico-ante-alza-de-exportaciones-dice-presidenta-sheinbaum","status":"publish","type":"post","link":"https:\/\/informadorweb.com\/?p=50966","title":{"rendered":"Balanza comercial es positiva para M\u00e9xico ante alza de exportaciones, dice presidenta Sheinbaum"},"content":{"rendered":"<p>M\u00c9XICO, 28 abr (Xinhua) &#8212; La presidenta de M\u00e9xico, Claudia Sheinbaum, destac\u00f3 hoy martes que el pa\u00eds registr\u00f3 una balanza comercial positiva durante el primer trimestre del a\u00f1o, gracias al aumento en las exportaciones, que alcanzaron un r\u00e9cord hist\u00f3rico en marzo de 70.700 millones de d\u00f3lares. En conferencia de prensa desde el Palacio Nacional, Sheinbaum subray\u00f3 que el aumento de las exportaciones, especialmente de productos no petroleros, es un reflejo del \u00e9xito del Plan M\u00e9xico, una estrategia implementada desde el inicio de su administraci\u00f3n con el objetivo de fortalecer la econom\u00eda interna mediante la producci\u00f3n local. \u00abLo m\u00e1s interesante es que crecen las exportaciones respecto a las importaciones. Si recuerdan, uno de los objetivos del Plan M\u00e9xico es importar menos, producir m\u00e1s para el consumo interno y para la exportaci\u00f3n\u00bb, se\u00f1al\u00f3 la mandataria. De acuerdo con datos publicados por el Instituto Nacional de Estad\u00edstica, Geograf\u00eda e Inform\u00e1tica (Inegi), las exportaciones no petroleras experimentaron un crecimiento del 29,6 por ciento en marzo, al alcanzar 69.020 millones de d\u00f3lares. En contraste, las exportaciones petroleras sufrieron una ca\u00edda del 20,4 por ciento, al situarse en 1.707 millones de d\u00f3lares. Gracias a este desempe\u00f1o, M\u00e9xico logr\u00f3 un super\u00e1vit de 5.932 millones de d\u00f3lares en su balanza comercial en el primer trimestre del a\u00f1o. En los primeros tres meses del a\u00f1o las exportaciones totales sumaron 70.727 millones de d\u00f3lares, mientras que las importaciones totalizaron 64.795 millones de d\u00f3lares. \u00abEl objetivo para cualquier pa\u00eds es tener una balanza comercial positiva: exportar m\u00e1s y producir m\u00e1s de lo que se importa. Y en el primer trimestre esa cifra as\u00ed fue. Esto es muy bueno para M\u00e9xico\u00bb, celebr\u00f3 Sheinbaum. La presidenta reiter\u00f3 que estos resultados son un paso importante hacia la consolidaci\u00f3n de una econom\u00eda m\u00e1s s\u00f3lida y autosuficiente, en l\u00ednea con los objetivos trazados por su administraci\u00f3n para fomentar el crecimiento econ\u00f3mico y la generaci\u00f3n de empleos en el pa\u00eds. Fin<\/p>\n","protected":false},"excerpt":{"rendered":"<p>M\u00c9XICO, 28 abr (Xinhua) &#8212; La presidenta de M\u00e9xico, Claudia Sheinbaum, destac\u00f3 hoy martes que&#8230;<\/p>\n","protected":false},"author":1,"featured_media":0,"comment_status":"closed","ping_status":"closed","sticky":false,"template":"","format":"standard","meta":{"footnotes":""},"categories":[7],"tags":[],"class_list":["post-50966","post","type-post","status-publish","format-standard","hentry","category-nacional"],"_links":{"self":[{"href":"https:\/\/informadorweb.com\/index.php?rest_route=\/wp\/v2\/posts\/50966","targetHints":{"allow":["GET"]}}],"collection":[{"href":"https:\/\/informadorweb.com\/index.php?rest_route=\/wp\/v2\/posts"}],"about":[{"href":"https:\/\/informadorweb.com\/index.php?rest_route=\/wp\/v2\/types\/post"}],"author":[{"embeddable":true,"href":"https:\/\/informadorweb.com\/index.php?rest_route=\/wp\/v2\/users\/1"}],"replies":[{"embeddable":true,"href":"https:\/\/informadorweb.com\/index.php?rest_route=%2Fwp%2Fv2%2Fcomments&post=50966"}],"version-history":[{"count":1,"href":"https:\/\/informadorweb.com\/index.php?rest_route=\/wp\/v2\/posts\/50966\/revisions"}],"predecessor-version":[{"id":50967,"href":"https:\/\/informadorweb.com\/index.php?rest_route=\/wp\/v2\/posts\/50966\/revisions\/50967"}],"wp:attachment":[{"href":"https:\/\/informadorweb.com\/index.php?rest_route=%2Fwp%2Fv2%2Fmedia&parent=50966"}],"wp:term":[{"taxonomy":"category","embeddable":true,"href":"https:\/\/informadorweb.com\/index.php?rest_route=%2Fwp%2Fv2%2Fcategories&post=50966"},{"taxonomy":"post_tag","embeddable":true,"href":"https:\/\/informadorweb.com\/index.php?rest_route=%2Fwp%2Fv2%2Ftags&post=50966"}],"curies":[{"name":"wp","href":"https:\/\/api.w.org\/{rel}","templated":true}]}}