{"id":50940,"date":"2026-04-29T09:02:37","date_gmt":"2026-04-29T15:02:37","guid":{"rendered":"https:\/\/informadorweb.com\/?p=50940"},"modified":"2026-04-29T15:02:37","modified_gmt":"2026-04-29T15:02:37","slug":"banco-mundial-preve-aumento-de-24-por-ciento-en-precios-de-energia-en-2026","status":"publish","type":"post","link":"https:\/\/informadorweb.com\/?p=50940","title":{"rendered":"Banco Mundial prev\u00e9 aumento de 24 por ciento en precios de energ\u00eda en 2026"},"content":{"rendered":"<p>NUEVA YORK, 28 abr (Xinhua) &#8212; El Banco Mundial pronostic\u00f3 hoy martes que debido a la guerra en Medio Oriente los precios de la energ\u00eda podr\u00edan aumentar 24 por ciento en 2026 a su nivel m\u00e1s alto desde que estall\u00f3 el conflicto entre Rusia y Ucrania en 2022, en tanto que se prev\u00e9 que los precios de las materias primas en general suban 16 por ciento. En su m\u00e1s reciente informe Perspectivas de los Mercados de Materias Primas, publicado hoy, el Banco Mundial se\u00f1al\u00f3 que los ataques a la infraestructura energ\u00e9tica y las interrupciones del transporte mar\u00edtimo en el estrecho de Ormuz, por el que se realiza alrededor del 35 por ciento del comercio mundial de petr\u00f3leo crudo por v\u00eda mar\u00edtima, han provocado la mayor crisis de suministro de petr\u00f3leo registrado, con una reducci\u00f3n inicial en el suministro mundial de petr\u00f3leo de unos 10 millones de barriles por d\u00eda. Se proyecta que los precios de los fertilizantes se eleven un 31 por ciento en 2026, a causa de un salto del 60 por ciento en los precios de la urea, mientras que se espera que los precios de los metales base, incluidos el aluminio, el cobre y el esta\u00f1o, alcancen m\u00e1ximos hist\u00f3ricos. Se pronostica que los precios de los metales preciosos aumenten 42 por ciento a medida que la incertidumbre geopol\u00edtica impulsa la demanda de activos refugio. Los precios de las materias primas podr\u00edan subir a\u00fan m\u00e1s si las hostilidades se intensifican o si las interrupciones del suministro a causa de la guerra duran m\u00e1s de lo proyectado, indica el informe. \u00abLa guerra est\u00e1 golpeando la econom\u00eda global en oleadas acumulativas\u00bb, dijo Indermit Gill, economista en jefe del Grupo del Banco Mundial y vicepresidente s\u00e9nior de Econom\u00eda del Desarrollo, y advirti\u00f3 que las poblaciones m\u00e1s pobres ser\u00e1n las m\u00e1s afectadas. Fin<\/p>\n","protected":false},"excerpt":{"rendered":"<p>NUEVA YORK, 28 abr (Xinhua) &#8212; El Banco Mundial pronostic\u00f3 hoy martes que debido a&#8230;<\/p>\n","protected":false},"author":1,"featured_media":0,"comment_status":"closed","ping_status":"closed","sticky":false,"template":"","format":"standard","meta":{"footnotes":""},"categories":[2],"tags":[],"class_list":["post-50940","post","type-post","status-publish","format-standard","hentry","category-internacional"],"_links":{"self":[{"href":"https:\/\/informadorweb.com\/index.php?rest_route=\/wp\/v2\/posts\/50940","targetHints":{"allow":["GET"]}}],"collection":[{"href":"https:\/\/informadorweb.com\/index.php?rest_route=\/wp\/v2\/posts"}],"about":[{"href":"https:\/\/informadorweb.com\/index.php?rest_route=\/wp\/v2\/types\/post"}],"author":[{"embeddable":true,"href":"https:\/\/informadorweb.com\/index.php?rest_route=\/wp\/v2\/users\/1"}],"replies":[{"embeddable":true,"href":"https:\/\/informadorweb.com\/index.php?rest_route=%2Fwp%2Fv2%2Fcomments&post=50940"}],"version-history":[{"count":1,"href":"https:\/\/informadorweb.com\/index.php?rest_route=\/wp\/v2\/posts\/50940\/revisions"}],"predecessor-version":[{"id":50941,"href":"https:\/\/informadorweb.com\/index.php?rest_route=\/wp\/v2\/posts\/50940\/revisions\/50941"}],"wp:attachment":[{"href":"https:\/\/informadorweb.com\/index.php?rest_route=%2Fwp%2Fv2%2Fmedia&parent=50940"}],"wp:term":[{"taxonomy":"category","embeddable":true,"href":"https:\/\/informadorweb.com\/index.php?rest_route=%2Fwp%2Fv2%2Fcategories&post=50940"},{"taxonomy":"post_tag","embeddable":true,"href":"https:\/\/informadorweb.com\/index.php?rest_route=%2Fwp%2Fv2%2Ftags&post=50940"}],"curies":[{"name":"wp","href":"https:\/\/api.w.org\/{rel}","templated":true}]}}