{"id":50900,"date":"2026-04-29T08:55:04","date_gmt":"2026-04-29T14:55:04","guid":{"rendered":"https:\/\/informadorweb.com\/?p=50900"},"modified":"2026-04-29T14:55:05","modified_gmt":"2026-04-29T14:55:05","slug":"flash-lideres-del-golfo-se-reunen-por-primera-vez-personalmente-en-jeddah-arabia-saudi-desde-inicio-de-guerra-de-ee-uu-e-israel-contra-iran","status":"publish","type":"post","link":"https:\/\/informadorweb.com\/?p=50900","title":{"rendered":"Flash: L\u00edderes del Golfo se re\u00fanen por primera vez personalmente en Jeddah, Arabia Saud\u00ed, desde inicio de guerra de EE. UU. e Israel contra Ir\u00e1n"},"content":{"rendered":"<div class=\"el-scrollbar__wrap\">\n<div class=\"el-scrollbar__view\">\n<div class=\"news-content\" data-v-e79c3ee4=\"\">Flash: L\u00edderes del Golfo se re\u00fanen por primera vez personalmente en Jeddah, Arabia Saud\u00ed, desde inicio de guerra de EE. UU. e Israel contra Ir\u00e1n<\/div>\n<\/div>\n<\/div>\n<div class=\"el-scrollbar__bar is-horizontal\"><\/div>\n","protected":false},"excerpt":{"rendered":"<p>Flash: L\u00edderes del Golfo se re\u00fanen por primera vez personalmente en Jeddah, Arabia Saud\u00ed, desde&#8230;<\/p>\n","protected":false},"author":1,"featured_media":0,"comment_status":"closed","ping_status":"closed","sticky":false,"template":"","format":"standard","meta":{"footnotes":""},"categories":[2],"tags":[],"class_list":["post-50900","post","type-post","status-publish","format-standard","hentry","category-internacional"],"_links":{"self":[{"href":"https:\/\/informadorweb.com\/index.php?rest_route=\/wp\/v2\/posts\/50900","targetHints":{"allow":["GET"]}}],"collection":[{"href":"https:\/\/informadorweb.com\/index.php?rest_route=\/wp\/v2\/posts"}],"about":[{"href":"https:\/\/informadorweb.com\/index.php?rest_route=\/wp\/v2\/types\/post"}],"author":[{"embeddable":true,"href":"https:\/\/informadorweb.com\/index.php?rest_route=\/wp\/v2\/users\/1"}],"replies":[{"embeddable":true,"href":"https:\/\/informadorweb.com\/index.php?rest_route=%2Fwp%2Fv2%2Fcomments&post=50900"}],"version-history":[{"count":1,"href":"https:\/\/informadorweb.com\/index.php?rest_route=\/wp\/v2\/posts\/50900\/revisions"}],"predecessor-version":[{"id":50901,"href":"https:\/\/informadorweb.com\/index.php?rest_route=\/wp\/v2\/posts\/50900\/revisions\/50901"}],"wp:attachment":[{"href":"https:\/\/informadorweb.com\/index.php?rest_route=%2Fwp%2Fv2%2Fmedia&parent=50900"}],"wp:term":[{"taxonomy":"category","embeddable":true,"href":"https:\/\/informadorweb.com\/index.php?rest_route=%2Fwp%2Fv2%2Fcategories&post=50900"},{"taxonomy":"post_tag","embeddable":true,"href":"https:\/\/informadorweb.com\/index.php?rest_route=%2Fwp%2Fv2%2Ftags&post=50900"}],"curies":[{"name":"wp","href":"https:\/\/api.w.org\/{rel}","templated":true}]}}