{"id":50872,"date":"2026-04-29T08:50:03","date_gmt":"2026-04-29T14:50:03","guid":{"rendered":"https:\/\/informadorweb.com\/?p=50872"},"modified":"2026-04-29T14:50:04","modified_gmt":"2026-04-29T14:50:04","slug":"capturan-en-mexico-a-lider-clave-de-violento-cartel-jalisco-nueva-generacion-buscado-por-ee-uu","status":"publish","type":"post","link":"https:\/\/informadorweb.com\/?p=50872","title":{"rendered":"Capturan en M\u00e9xico a l\u00edder clave de violento C\u00e1rtel Jalisco Nueva Generaci\u00f3n, buscado por EE. UU."},"content":{"rendered":"<p>M\u00c9XICO, 27 abr (Xinhua) &#8212; Autoridades mexicanas anunciaron este lunes la captura de Audias Flores-Silva, alias \u00abEl Jardinero\u00bb, un l\u00edder clave del violento C\u00e1rtel Jalisco Nueva Generaci\u00f3n (CJNG) con presencia en todo M\u00e9xico y quien tambi\u00e9n era buscado por Estados Unidos. Personal naval y de la Secretar\u00eda de Seguridad y Protecci\u00f3n Ciudadana logr\u00f3 detener a \u00abEl Jardinero\u00bb en el estado occidental mexicano de Nayarit, tras 19 meses de investigaciones y seguimiento a este presunto criminal. \u00abDerivado de trabajos de inteligencia de campo y gabinete, as\u00ed como del intercambio de informaci\u00f3n con agencias estadounidenses, se tuvo conocimiento de la posible ubicaci\u00f3n del objetivo prioritario en las inmediaciones de la comunidad de El Mirador, Nayarit, donde se despleg\u00f3 un operativo para su localizaci\u00f3n\u00bb, detall\u00f3 la fuente. Durante el desarrollo de la operaci\u00f3n, se identific\u00f3 que Flores-Silva se encontraba resguardado en una caba\u00f1a, con un dispositivo de seguridad integrado por unas 30 camionetas y m\u00e1s de 60 personas armadas. Ante esta situaci\u00f3n, se implement\u00f3 un despliegue t\u00e1ctico que incluy\u00f3 aeronaves de inteligencia, vigilancia y reconocimiento, cuatro helic\u00f3pteros de apoyo cercano, dos helic\u00f3pteros de transporte de tropas, cuatro aeronaves de ala fija, 120 efectivos de tropa, adem\u00e1s de 400 elementos navales en acciones de apoyo. \u00abAl arribar al \u00e1rea, y debido al despliegue del personal naval, las escoltas del objetivo se dispersaron en distintas direcciones a manera de distracci\u00f3n, sin embargo, mediante seguimiento a\u00e9reo y terrestre, se logr\u00f3 ubicar al blanco prioritario cuando intentaba ocultarse en un conducto del desag\u00fce, procedi\u00e9ndose a su detenci\u00f3n\u00bb, agreg\u00f3 la fuente. El CJNG es una de las organizaciones criminales m\u00e1s poderosas, violentas y de mayor expansi\u00f3n en M\u00e9xico y a nivel mundial, seg\u00fan fuentes oficiales. Fin<\/p>\n","protected":false},"excerpt":{"rendered":"<p>M\u00c9XICO, 27 abr (Xinhua) &#8212; Autoridades mexicanas anunciaron este lunes la captura de Audias Flores-Silva,&#8230;<\/p>\n","protected":false},"author":1,"featured_media":0,"comment_status":"closed","ping_status":"closed","sticky":false,"template":"","format":"standard","meta":{"footnotes":""},"categories":[7],"tags":[],"class_list":["post-50872","post","type-post","status-publish","format-standard","hentry","category-nacional"],"_links":{"self":[{"href":"https:\/\/informadorweb.com\/index.php?rest_route=\/wp\/v2\/posts\/50872","targetHints":{"allow":["GET"]}}],"collection":[{"href":"https:\/\/informadorweb.com\/index.php?rest_route=\/wp\/v2\/posts"}],"about":[{"href":"https:\/\/informadorweb.com\/index.php?rest_route=\/wp\/v2\/types\/post"}],"author":[{"embeddable":true,"href":"https:\/\/informadorweb.com\/index.php?rest_route=\/wp\/v2\/users\/1"}],"replies":[{"embeddable":true,"href":"https:\/\/informadorweb.com\/index.php?rest_route=%2Fwp%2Fv2%2Fcomments&post=50872"}],"version-history":[{"count":1,"href":"https:\/\/informadorweb.com\/index.php?rest_route=\/wp\/v2\/posts\/50872\/revisions"}],"predecessor-version":[{"id":50873,"href":"https:\/\/informadorweb.com\/index.php?rest_route=\/wp\/v2\/posts\/50872\/revisions\/50873"}],"wp:attachment":[{"href":"https:\/\/informadorweb.com\/index.php?rest_route=%2Fwp%2Fv2%2Fmedia&parent=50872"}],"wp:term":[{"taxonomy":"category","embeddable":true,"href":"https:\/\/informadorweb.com\/index.php?rest_route=%2Fwp%2Fv2%2Fcategories&post=50872"},{"taxonomy":"post_tag","embeddable":true,"href":"https:\/\/informadorweb.com\/index.php?rest_route=%2Fwp%2Fv2%2Ftags&post=50872"}],"curies":[{"name":"wp","href":"https:\/\/api.w.org\/{rel}","templated":true}]}}