{"id":50456,"date":"2026-04-28T12:04:25","date_gmt":"2026-04-28T18:04:25","guid":{"rendered":"https:\/\/informadorweb.com\/?p=50456"},"modified":"2026-04-28T18:04:25","modified_gmt":"2026-04-28T18:04:25","slug":"sismo-de-magnitud-53-sacude-region-central-de-costa-rica","status":"publish","type":"post","link":"https:\/\/informadorweb.com\/?p=50456","title":{"rendered":"Sismo de magnitud 5,3 sacude regi\u00f3n central de Costa Rica"},"content":{"rendered":"<p>SAN JOSE, 27 abr (Xinhua) &#8212; Un sismo de magnitud 5,3 sacudi\u00f3 hoy lunes la regi\u00f3n central de Costa Rica a las 21:49 hora local (03:49 GMT), seg\u00fan el reporte de la Red Sismol\u00f3gica Nacional de la Universidad de Costa Rica. El epicentro del sismo, con una profundidad de 64 kil\u00f3metros, se ubic\u00f3 a 2 kil\u00f3metros al oeste de San Ignacio de Acosta. Su cercan\u00eda con la capital costarricense, San Jos\u00e9, hizo que el sismo se sintiera con gran intensidad en las principales ciudades del centro del pa\u00eds, seg\u00fan reportaron los costarricenses en las distintas redes sociales. Hasta el momento la Comisi\u00f3n Nacional de Emergencias no reporta da\u00f1os de importancia ni personas afectadas por este sismo. Fin<\/p>\n","protected":false},"excerpt":{"rendered":"<p>SAN JOSE, 27 abr (Xinhua) &#8212; Un sismo de magnitud 5,3 sacudi\u00f3 hoy lunes la&#8230;<\/p>\n","protected":false},"author":1,"featured_media":0,"comment_status":"closed","ping_status":"closed","sticky":false,"template":"","format":"standard","meta":{"footnotes":""},"categories":[2],"tags":[],"class_list":["post-50456","post","type-post","status-publish","format-standard","hentry","category-internacional"],"_links":{"self":[{"href":"https:\/\/informadorweb.com\/index.php?rest_route=\/wp\/v2\/posts\/50456","targetHints":{"allow":["GET"]}}],"collection":[{"href":"https:\/\/informadorweb.com\/index.php?rest_route=\/wp\/v2\/posts"}],"about":[{"href":"https:\/\/informadorweb.com\/index.php?rest_route=\/wp\/v2\/types\/post"}],"author":[{"embeddable":true,"href":"https:\/\/informadorweb.com\/index.php?rest_route=\/wp\/v2\/users\/1"}],"replies":[{"embeddable":true,"href":"https:\/\/informadorweb.com\/index.php?rest_route=%2Fwp%2Fv2%2Fcomments&post=50456"}],"version-history":[{"count":1,"href":"https:\/\/informadorweb.com\/index.php?rest_route=\/wp\/v2\/posts\/50456\/revisions"}],"predecessor-version":[{"id":50457,"href":"https:\/\/informadorweb.com\/index.php?rest_route=\/wp\/v2\/posts\/50456\/revisions\/50457"}],"wp:attachment":[{"href":"https:\/\/informadorweb.com\/index.php?rest_route=%2Fwp%2Fv2%2Fmedia&parent=50456"}],"wp:term":[{"taxonomy":"category","embeddable":true,"href":"https:\/\/informadorweb.com\/index.php?rest_route=%2Fwp%2Fv2%2Fcategories&post=50456"},{"taxonomy":"post_tag","embeddable":true,"href":"https:\/\/informadorweb.com\/index.php?rest_route=%2Fwp%2Fv2%2Ftags&post=50456"}],"curies":[{"name":"wp","href":"https:\/\/api.w.org\/{rel}","templated":true}]}}